{"id":8972,"date":"2021-10-06T16:18:43","date_gmt":"2021-10-06T14:18:43","guid":{"rendered":"https:\/\/agora.xtec.cat\/ceip-jruyra-l-h\/?p=8972"},"modified":"2021-10-06T17:20:12","modified_gmt":"2021-10-06T15:20:12","slug":"escoles-sentinelles","status":"publish","type":"post","link":"https:\/\/agora.xtec.cat\/ceip-jruyra-l-h\/general\/escoles-sentinelles\/","title":{"rendered":"Escoles Sentinella"},"content":{"rendered":"<p>Benvolgudes fam\u00edlies,<\/p>\n<p>El curs passat la nostra escola va ser escollida per formar part d&#8217;un grup de centres en que es faria un seguiment m\u00e9s exhaustiu de la pand\u00e8mia. \u00c9s per aquest motiu que el curs passat vam tenir un cribatge mitjan\u00e7ant PCR de gaireb\u00e9 tots els membres de la comunitat educativa.<\/p>\n<p>Durant el present curs continuarem participant en aquest programa. Podeu trobar informaci\u00f3 al respecte a la seva p\u00e0gina web <a href=\"https:\/\/escolessentinella.cat\/\">www.escolessentinella.cat\u00a0<\/a><\/p>\n<p>Per tal d&#8217;informar de tots els detalls del programa, ens han comunicat que es realitzar\u00e0 una sessi\u00f3 informativa virtual a la que assistirem tots els mestres de l&#8217;escola. Si esteu interessats en con\u00e8ixer m\u00e9s detalls, tamb\u00e9 esteu convidats i convidades a assistir-hi.<\/p>\n<p>La sessi\u00f3 ser\u00e0 el proper dijous dia 14 d&#8217;octubre a les 13:15h i \u00e9s realitzar\u00e0 amb la plataforma TEAMS. Si voleu participar a la trobada podeu fer-ho fent <a href=\"https:\/\/teams.microsoft.com\/l\/meetup-join\/19%3ameeting_ODM0ZDkxNzgtMTQ2ZS00NWU4LWFkYTUtZTlhMjViODYwODUx%40thread.v2\/0?context=%7b%22Tid%22%3a%22966ff61f-fe29-4b94-9886-29307ab0aba7%22%2c%22Oid%22%3a%22912cefe8-f27b-4b2c-9f19-b12cff2a484b%22%7d\">click aqu\u00ed <img loading=\"lazy\" decoding=\"async\" class=\"\" src=\"https:\/\/agora.xtec.cat\/ceipvictorcatala\/wp-content\/uploads\/usu1671\/2020\/05\/aqui%CC%81-2.png\" width=\"22\" height=\"22\" \/><\/a><\/p>\n<p>Moltes gr\u00e0cies per avan\u00e7at per la vostra col\u00b7laboraci\u00f3.<\/p>\n<p><a href=\"https:\/\/escolessentinella.cat\/\"><img loading=\"lazy\" decoding=\"async\" class=\"alignnone size-large wp-image-8973\" src=\"https:\/\/agora.xtec.cat\/ceip-jruyra-l-h\/wp-content\/uploads\/usu2049\/2021\/10\/cats-1024x466.jpg\" alt=\"\" width=\"1024\" height=\"466\" srcset=\"https:\/\/agora.xtec.cat\/ceip-jruyra-l-h\/wp-content\/uploads\/usu2049\/2021\/10\/cats-1024x466.jpg 1024w, https:\/\/agora.xtec.cat\/ceip-jruyra-l-h\/wp-content\/uploads\/usu2049\/2021\/10\/cats-300x136.jpg 300w, https:\/\/agora.xtec.cat\/ceip-jruyra-l-h\/wp-content\/uploads\/usu2049\/2021\/10\/cats-768x349.jpg 768w, https:\/\/agora.xtec.cat\/ceip-jruyra-l-h\/wp-content\/uploads\/usu2049\/2021\/10\/cats-1536x698.jpg 1536w, https:\/\/agora.xtec.cat\/ceip-jruyra-l-h\/wp-content\/uploads\/usu2049\/2021\/10\/cats.jpg 1911w\" sizes=\"auto, (max-width: 1024px) 100vw, 1024px\" \/><\/a><\/p>\n<p>&nbsp;<\/p>\n<p>&nbsp;<\/p>\n","protected":false},"excerpt":{"rendered":"<p>Benvolgudes fam\u00edlies,<br \/>\nEl curs passat la nostra escola va ser escollida per formar part d&#8217;un grup de centres en que es faria un seguiment m\u00e9s exhaustiu de la pand\u00e8mia. \u00c9s per aquest motiu que el curs passat vam tenir un cribatge mitjan\u00e7ant PCR de gaireb\u00e9 tots&hellip;  <a href=\"https:\/\/agora.xtec.cat\/ceip-jruyra-l-h\/general\/escoles-sentinelles\/\" title=\"Read Escoles Sentinella\">Llegeix m\u00e9s\u00bb<\/a><\/p>\n","protected":false},"author":3,"featured_media":8973,"comment_status":"open","ping_status":"closed","sticky":false,"template":"","format":"standard","meta":{"_bbp_topic_count":0,"_bbp_reply_count":0,"_bbp_total_topic_count":0,"_bbp_total_reply_count":0,"_bbp_voice_count":0,"_bbp_anonymous_reply_count":0,"_bbp_topic_count_hidden":0,"_bbp_reply_count_hidden":0,"_bbp_forum_subforum_count":0,"footnotes":""},"categories":[60,1],"tags":[],"class_list":["post-8972","post","type-post","status-publish","format-standard","has-post-thumbnail","hentry","category-cdaxarxa","category-general"],"post_mailing_queue_ids":[],"_links":{"self":[{"href":"https:\/\/agora.xtec.cat\/ceip-jruyra-l-h\/wp-json\/wp\/v2\/posts\/8972","targetHints":{"allow":["GET"]}}],"collection":[{"href":"https:\/\/agora.xtec.cat\/ceip-jruyra-l-h\/wp-json\/wp\/v2\/posts"}],"about":[{"href":"https:\/\/agora.xtec.cat\/ceip-jruyra-l-h\/wp-json\/wp\/v2\/types\/post"}],"author":[{"embeddable":true,"href":"https:\/\/agora.xtec.cat\/ceip-jruyra-l-h\/wp-json\/wp\/v2\/users\/3"}],"replies":[{"embeddable":true,"href":"https:\/\/agora.xtec.cat\/ceip-jruyra-l-h\/wp-json\/wp\/v2\/comments?post=8972"}],"version-history":[{"count":3,"href":"https:\/\/agora.xtec.cat\/ceip-jruyra-l-h\/wp-json\/wp\/v2\/posts\/8972\/revisions"}],"predecessor-version":[{"id":8978,"href":"https:\/\/agora.xtec.cat\/ceip-jruyra-l-h\/wp-json\/wp\/v2\/posts\/8972\/revisions\/8978"}],"wp:featuredmedia":[{"embeddable":true,"href":"https:\/\/agora.xtec.cat\/ceip-jruyra-l-h\/wp-json\/wp\/v2\/media\/8973"}],"wp:attachment":[{"href":"https:\/\/agora.xtec.cat\/ceip-jruyra-l-h\/wp-json\/wp\/v2\/media?parent=8972"}],"wp:term":[{"taxonomy":"category","embeddable":true,"href":"https:\/\/agora.xtec.cat\/ceip-jruyra-l-h\/wp-json\/wp\/v2\/categories?post=8972"},{"taxonomy":"post_tag","embeddable":true,"href":"https:\/\/agora.xtec.cat\/ceip-jruyra-l-h\/wp-json\/wp\/v2\/tags?post=8972"}],"curies":[{"name":"wp","href":"https:\/\/api.w.org\/{rel}","templated":true}]}}