{"id":8793,"date":"2021-07-10T09:55:40","date_gmt":"2021-07-10T07:55:40","guid":{"rendered":"https:\/\/agora.xtec.cat\/ceip-jruyra-l-h\/?p=8793"},"modified":"2021-07-10T09:58:32","modified_gmt":"2021-07-10T07:58:32","slug":"la-biblioteca-escolar-com-a-eina-dinclusio","status":"publish","type":"post","link":"https:\/\/agora.xtec.cat\/ceip-jruyra-l-h\/cdaxarxa\/la-biblioteca-escolar-com-a-eina-dinclusio\/","title":{"rendered":"La biblioteca escolar com a eina d&#8217;inclusi\u00f3"},"content":{"rendered":"<p>Tenim el plaer de comunicar-vos que, des del Programa biblioteca escolar Puntedu, han publicat el document <a href=\"https:\/\/projectes.xtec.cat\/bescat\/general\/la-biblioteca-escolar-com-a-eina-dinclusio-nova-publicacio\/\" target=\"_blank\" rel=\"noopener noreferrer\" data-saferedirecturl=\"https:\/\/www.google.com\/url?q=https:\/\/projectes.xtec.cat\/bescat\/general\/la-biblioteca-escolar-com-a-eina-dinclusio-nova-publicacio\/&amp;source=gmail&amp;ust=1625989090483000&amp;usg=AFQjCNHBU4GM3mg8T6Sm_oYLvULaGmLbRg\">La biblioteca escolar com a eina d&#8217;inclusi\u00f3<\/a>, en el qual\u00a0<b>fan referencia al nostre centre per les seves bones pr\u00e0ctiques i m\u00e9s en concret per les Tert\u00falies Liter\u00e0ries Dial\u00f2giques.<\/b><\/p>\n<p>Des de Servei de Suports i Recursos Ling\u00fc\u00edstics del Departament d&#8217;Educaci\u00f3 ens han felicitat per la feia feta i\u00a0 ens han agra\u00eft que la nostra experi\u00e8ncia es pugui compartir amb altres centres.<\/p>\n<div><\/div>\n<div><\/div>\n<div><a href=\"https:\/\/projectes.xtec.cat\/bescat\/general\/la-biblioteca-escolar-com-a-eina-dinclusio-nova-publicacio\/\"><img loading=\"lazy\" decoding=\"async\" class=\"alignnone size-large wp-image-8794\" src=\"https:\/\/agora.xtec.cat\/ceip-jruyra-l-h\/wp-content\/uploads\/usu2049\/2021\/07\/cats2-1024x754.jpg\" alt=\"\" width=\"1024\" height=\"754\" srcset=\"https:\/\/agora.xtec.cat\/ceip-jruyra-l-h\/wp-content\/uploads\/usu2049\/2021\/07\/cats2-1024x754.jpg 1024w, https:\/\/agora.xtec.cat\/ceip-jruyra-l-h\/wp-content\/uploads\/usu2049\/2021\/07\/cats2-300x221.jpg 300w, https:\/\/agora.xtec.cat\/ceip-jruyra-l-h\/wp-content\/uploads\/usu2049\/2021\/07\/cats2-768x566.jpg 768w, https:\/\/agora.xtec.cat\/ceip-jruyra-l-h\/wp-content\/uploads\/usu2049\/2021\/07\/cats2.jpg 1051w\" sizes=\"auto, (max-width: 1024px) 100vw, 1024px\" \/><\/a><\/div>\n<div><\/div>\n<div><\/div>\n","protected":false},"excerpt":{"rendered":"<p>Tenim el plaer de comunicar-vos que, des del Programa biblioteca escolar Puntedu, han publicat el document La biblioteca escolar com a eina d&#8217;inclusi\u00f3, en el qual\u00a0fan referencia al nostre centre per les seves bones pr\u00e0ctiques i m\u00e9s en concret per les Tert\u00falies Liter\u00e0ries Dial\u00f2giques.&hellip;  <a href=\"https:\/\/agora.xtec.cat\/ceip-jruyra-l-h\/cdaxarxa\/la-biblioteca-escolar-com-a-eina-dinclusio\/\" title=\"Read La biblioteca escolar com a eina d&#8217;inclusi\u00f3\">Llegeix m\u00e9s\u00bb<\/a><\/p>\n","protected":false},"author":3,"featured_media":8795,"comment_status":"open","ping_status":"closed","sticky":false,"template":"","format":"standard","meta":{"_bbp_topic_count":0,"_bbp_reply_count":0,"_bbp_total_topic_count":0,"_bbp_total_reply_count":0,"_bbp_voice_count":0,"_bbp_anonymous_reply_count":0,"_bbp_topic_count_hidden":0,"_bbp_reply_count_hidden":0,"_bbp_forum_subforum_count":0,"footnotes":""},"categories":[60],"tags":[71,83,63],"class_list":["post-8793","post","type-post","status-publish","format-standard","has-post-thumbnail","hentry","category-cdaxarxa","tag-actuacions-educatives-dexit","tag-comunitats-daprenentatge","tag-tertulies-dialogiques"],"post_mailing_queue_ids":[],"_links":{"self":[{"href":"https:\/\/agora.xtec.cat\/ceip-jruyra-l-h\/wp-json\/wp\/v2\/posts\/8793","targetHints":{"allow":["GET"]}}],"collection":[{"href":"https:\/\/agora.xtec.cat\/ceip-jruyra-l-h\/wp-json\/wp\/v2\/posts"}],"about":[{"href":"https:\/\/agora.xtec.cat\/ceip-jruyra-l-h\/wp-json\/wp\/v2\/types\/post"}],"author":[{"embeddable":true,"href":"https:\/\/agora.xtec.cat\/ceip-jruyra-l-h\/wp-json\/wp\/v2\/users\/3"}],"replies":[{"embeddable":true,"href":"https:\/\/agora.xtec.cat\/ceip-jruyra-l-h\/wp-json\/wp\/v2\/comments?post=8793"}],"version-history":[{"count":3,"href":"https:\/\/agora.xtec.cat\/ceip-jruyra-l-h\/wp-json\/wp\/v2\/posts\/8793\/revisions"}],"predecessor-version":[{"id":8798,"href":"https:\/\/agora.xtec.cat\/ceip-jruyra-l-h\/wp-json\/wp\/v2\/posts\/8793\/revisions\/8798"}],"wp:featuredmedia":[{"embeddable":true,"href":"https:\/\/agora.xtec.cat\/ceip-jruyra-l-h\/wp-json\/wp\/v2\/media\/8795"}],"wp:attachment":[{"href":"https:\/\/agora.xtec.cat\/ceip-jruyra-l-h\/wp-json\/wp\/v2\/media?parent=8793"}],"wp:term":[{"taxonomy":"category","embeddable":true,"href":"https:\/\/agora.xtec.cat\/ceip-jruyra-l-h\/wp-json\/wp\/v2\/categories?post=8793"},{"taxonomy":"post_tag","embeddable":true,"href":"https:\/\/agora.xtec.cat\/ceip-jruyra-l-h\/wp-json\/wp\/v2\/tags?post=8793"}],"curies":[{"name":"wp","href":"https:\/\/api.w.org\/{rel}","templated":true}]}}