{"id":8640,"date":"2021-06-17T12:54:34","date_gmt":"2021-06-17T10:54:34","guid":{"rendered":"https:\/\/agora.xtec.cat\/ceip-jruyra-l-h\/?p=8640"},"modified":"2021-06-17T12:54:34","modified_gmt":"2021-06-17T10:54:34","slug":"ens-acomiadem-de-leneida","status":"publish","type":"post","link":"https:\/\/agora.xtec.cat\/ceip-jruyra-l-h\/primaria\/3r\/ens-acomiadem-de-leneida\/","title":{"rendered":"Ens acomiadem de l&#8217;Eneida!"},"content":{"rendered":"<p>Aquesta setmana hem fet la \u00faltima classe de tert\u00falies a cicle mitj\u00e0.<\/p>\n<p>Posem fi a una multitud d&#8217;experi\u00e8ncies viscudes amb Enees i tots els personatges que han format part del nostre dia a dia durant tot un curs.<\/p>\n<p>Estem molt orgullosos d&#8217;haver pogut llegir un llibre TAN complicat com l&#8217;Eneida i per aix\u00f2, aquesta setmana ens hem volgut fer un petit regal per recordar sempre a Enees. Aqu\u00ed us deixem alguns exemples dels nostres diplomes, escrits i homenatges a Enees.<\/p>\n<p>GR\u00c0CIES i no deixeu mai de llegir!<\/p>\n<p>&nbsp;<\/p>\n<p><a href=\"https:\/\/agora.xtec.cat\/ceip-jruyra-l-h\/wp-content\/uploads\/usu2049\/2021\/06\/D914FCC2-7D44-49F9-B72E-3DDB71851CDB.jpeg\"><img loading=\"lazy\" decoding=\"async\" class=\"wp-image-8646 aligncenter\" src=\"https:\/\/agora.xtec.cat\/ceip-jruyra-l-h\/wp-content\/uploads\/usu2049\/2021\/06\/D914FCC2-7D44-49F9-B72E-3DDB71851CDB-1024x768.jpeg\" alt=\"\" width=\"593\" height=\"445\" srcset=\"https:\/\/agora.xtec.cat\/ceip-jruyra-l-h\/wp-content\/uploads\/usu2049\/2021\/06\/D914FCC2-7D44-49F9-B72E-3DDB71851CDB.jpeg 1024w, https:\/\/agora.xtec.cat\/ceip-jruyra-l-h\/wp-content\/uploads\/usu2049\/2021\/06\/D914FCC2-7D44-49F9-B72E-3DDB71851CDB-300x225.jpeg 300w, https:\/\/agora.xtec.cat\/ceip-jruyra-l-h\/wp-content\/uploads\/usu2049\/2021\/06\/D914FCC2-7D44-49F9-B72E-3DDB71851CDB-768x576.jpeg 768w, https:\/\/agora.xtec.cat\/ceip-jruyra-l-h\/wp-content\/uploads\/usu2049\/2021\/06\/D914FCC2-7D44-49F9-B72E-3DDB71851CDB-200x150.jpeg 200w\" sizes=\"auto, (max-width: 593px) 100vw, 593px\" \/><\/a><\/p>\n<p>&nbsp;<\/p>\n<p><a href=\"https:\/\/agora.xtec.cat\/ceip-jruyra-l-h\/wp-content\/uploads\/usu2049\/2021\/06\/IMG-3191-1.jpg\"><img loading=\"lazy\" decoding=\"async\" class=\" wp-image-8648 aligncenter\" src=\"https:\/\/agora.xtec.cat\/ceip-jruyra-l-h\/wp-content\/uploads\/usu2049\/2021\/06\/IMG-3191-1-1024x765.jpg\" alt=\"\" width=\"661\" height=\"494\" srcset=\"https:\/\/agora.xtec.cat\/ceip-jruyra-l-h\/wp-content\/uploads\/usu2049\/2021\/06\/IMG-3191-1-1024x765.jpg 1024w, https:\/\/agora.xtec.cat\/ceip-jruyra-l-h\/wp-content\/uploads\/usu2049\/2021\/06\/IMG-3191-1-300x224.jpg 300w, https:\/\/agora.xtec.cat\/ceip-jruyra-l-h\/wp-content\/uploads\/usu2049\/2021\/06\/IMG-3191-1-768x573.jpg 768w, https:\/\/agora.xtec.cat\/ceip-jruyra-l-h\/wp-content\/uploads\/usu2049\/2021\/06\/IMG-3191-1-200x150.jpg 200w\" sizes=\"auto, (max-width: 661px) 100vw, 661px\" \/><\/a><\/p>\n<p><a href=\"https:\/\/agora.xtec.cat\/ceip-jruyra-l-h\/wp-content\/uploads\/usu2049\/2021\/06\/IMG-3192.jpg\"><img loading=\"lazy\" decoding=\"async\" class=\" wp-image-8644 aligncenter\" src=\"https:\/\/agora.xtec.cat\/ceip-jruyra-l-h\/wp-content\/uploads\/usu2049\/2021\/06\/IMG-3192-1024x684.jpg\" alt=\"\" width=\"619\" height=\"413\" \/><\/a><\/p>\n<p><a href=\"https:\/\/agora.xtec.cat\/ceip-jruyra-l-h\/wp-content\/uploads\/usu2049\/2021\/06\/IMG-3198-1.jpg\"><img loading=\"lazy\" decoding=\"async\" class=\"wp-image-8645 aligncenter\" src=\"https:\/\/agora.xtec.cat\/ceip-jruyra-l-h\/wp-content\/uploads\/usu2049\/2021\/06\/IMG-3198-1-1024x676.jpg\" alt=\"\" width=\"621\" height=\"410\" \/><\/a><\/p>\n","protected":false},"excerpt":{"rendered":"<p>Aquesta setmana hem fet la \u00faltima classe de tert\u00falies a cicle mitj\u00e0.<br \/>\nPosem fi a una multitud d&#8217;experi\u00e8ncies viscudes amb Enees i tots els personatges que han format part del nostre dia a dia durant tot un curs.<br \/>\nEstem molt orgullosos d&#8217;haver pogut llegir un llibre TAN&hellip;  <a href=\"https:\/\/agora.xtec.cat\/ceip-jruyra-l-h\/primaria\/3r\/ens-acomiadem-de-leneida\/\" title=\"Read Ens acomiadem de l&#8217;Eneida!\">Llegeix m\u00e9s\u00bb<\/a><\/p>\n","protected":false},"author":5,"featured_media":8646,"comment_status":"open","ping_status":"closed","sticky":false,"template":"","format":"standard","meta":{"_bbp_topic_count":0,"_bbp_reply_count":0,"_bbp_total_topic_count":0,"_bbp_total_reply_count":0,"_bbp_voice_count":0,"_bbp_anonymous_reply_count":0,"_bbp_topic_count_hidden":0,"_bbp_reply_count_hidden":0,"_bbp_forum_subforum_count":0,"footnotes":""},"categories":[12,13,60],"tags":[71,83,63],"class_list":["post-8640","post","type-post","status-publish","format-standard","has-post-thumbnail","hentry","category-3r","category-4t","category-cdaxarxa","tag-actuacions-educatives-dexit","tag-comunitats-daprenentatge","tag-tertulies-dialogiques"],"post_mailing_queue_ids":[],"_links":{"self":[{"href":"https:\/\/agora.xtec.cat\/ceip-jruyra-l-h\/wp-json\/wp\/v2\/posts\/8640","targetHints":{"allow":["GET"]}}],"collection":[{"href":"https:\/\/agora.xtec.cat\/ceip-jruyra-l-h\/wp-json\/wp\/v2\/posts"}],"about":[{"href":"https:\/\/agora.xtec.cat\/ceip-jruyra-l-h\/wp-json\/wp\/v2\/types\/post"}],"author":[{"embeddable":true,"href":"https:\/\/agora.xtec.cat\/ceip-jruyra-l-h\/wp-json\/wp\/v2\/users\/5"}],"replies":[{"embeddable":true,"href":"https:\/\/agora.xtec.cat\/ceip-jruyra-l-h\/wp-json\/wp\/v2\/comments?post=8640"}],"version-history":[{"count":3,"href":"https:\/\/agora.xtec.cat\/ceip-jruyra-l-h\/wp-json\/wp\/v2\/posts\/8640\/revisions"}],"predecessor-version":[{"id":8652,"href":"https:\/\/agora.xtec.cat\/ceip-jruyra-l-h\/wp-json\/wp\/v2\/posts\/8640\/revisions\/8652"}],"wp:featuredmedia":[{"embeddable":true,"href":"https:\/\/agora.xtec.cat\/ceip-jruyra-l-h\/wp-json\/wp\/v2\/media\/8646"}],"wp:attachment":[{"href":"https:\/\/agora.xtec.cat\/ceip-jruyra-l-h\/wp-json\/wp\/v2\/media?parent=8640"}],"wp:term":[{"taxonomy":"category","embeddable":true,"href":"https:\/\/agora.xtec.cat\/ceip-jruyra-l-h\/wp-json\/wp\/v2\/categories?post=8640"},{"taxonomy":"post_tag","embeddable":true,"href":"https:\/\/agora.xtec.cat\/ceip-jruyra-l-h\/wp-json\/wp\/v2\/tags?post=8640"}],"curies":[{"name":"wp","href":"https:\/\/api.w.org\/{rel}","templated":true}]}}