{"id":767,"date":"2019-10-18T20:09:00","date_gmt":"2019-10-18T18:09:00","guid":{"rendered":"https:\/\/agora.xtec.cat\/ceip-jruyra-l-h\/?p=767"},"modified":"2020-06-18T11:32:11","modified_gmt":"2020-06-18T09:32:11","slug":"formacio-de-familiars-presentacio-escola-de-vida","status":"publish","type":"post","link":"https:\/\/agora.xtec.cat\/ceip-jruyra-l-h\/general\/formacio-de-familiars-presentacio-escola-de-vida\/","title":{"rendered":"Formaci\u00f3 de Familiars &#8211; Presentaci\u00f3 Escola de Vida"},"content":{"rendered":"<div class=\"separator\" style=\"clear: both; text-align: center;\"><a style=\"margin-left: 1em; margin-right: 1em;\" href=\"https:\/\/1.bp.blogspot.com\/-xpdROzccM74\/XalzvVnotQI\/AAAAAAAAwvU\/dmR1BSPLKLwh0yBbH3aAysAqDB3YMc8MQCLcBGAsYHQ\/s1600\/escola%2Bde%2Bvida.jpg\"><img loading=\"lazy\" decoding=\"async\" src=\"https:\/\/1.bp.blogspot.com\/-xpdROzccM74\/XalzvVnotQI\/AAAAAAAAwvU\/dmR1BSPLKLwh0yBbH3aAysAqDB3YMc8MQCLcBGAsYHQ\/s640\/escola%2Bde%2Bvida.jpg\" width=\"640\" height=\"462\" border=\"0\" data-original-height=\"824\" data-original-width=\"1137\" \/><\/a><\/div>\n<p>El proper dilluns 21 d&#8217;octubre es far\u00e0 la presentaci\u00f3 de &#8220;L&#8217;Escola de Vida Les Planes &#8211; Florida&#8221;. Aquest projecte comunitari neix per donar resposta a les necessitats formatives de la poblaci\u00f3 de m\u00e9s de 16 anys del nostre barri i tota la localitat.<\/p>\n<p>L&#8217;Escola Joaquim Ruyra est\u00e0 participant activament en la creaci\u00f3 d&#8217;aquest espai de formaci\u00f3, amb la Seu a les nostres instal\u00b7lacions. \u00c9s per nosaltres tot un luxe poder comptar amb una major oferta formativa per donar resposta a la Formaci\u00f3 de Familiars del nostre centre.<\/p>\n<p>Si voleu con\u00e8ixer de primera m\u00e0 el projecte, us convidem a assistir a la presentaci\u00f3 del proper dilluns.<\/p>\n","protected":false},"excerpt":{"rendered":"<p><a style=\"margin-left: 1em; margin-right: 1em;\" href=\"https:\/\/1.bp.blogspot.com\/-xpdROzccM74\/XalzvVnotQI\/AAAAAAAAwvU\/dmR1BSPLKLwh0yBbH3aAysAqDB3YMc8MQCLcBGAsYHQ\/s1600\/escola%2Bde%2Bvida.jpg\"><\/a><br \/>\nEl proper dilluns 21 d&#8217;octubre es far\u00e0 la presentaci\u00f3 de &#8220;L&#8217;Escola de Vida Les Planes &#8211; Florida&#8221;. Aquest projecte comunitari neix per donar resposta a les necessitats formatives de la poblaci\u00f3 de m\u00e9s de 16 anys del nostre barri i&hellip;  <a href=\"https:\/\/agora.xtec.cat\/ceip-jruyra-l-h\/general\/formacio-de-familiars-presentacio-escola-de-vida\/\" title=\"Read Formaci\u00f3 de Familiars &#8211; Presentaci\u00f3 Escola de Vida\">Llegeix m\u00e9s\u00bb<\/a><\/p>\n","protected":false},"author":3,"featured_media":0,"comment_status":"open","ping_status":"closed","sticky":false,"template":"","format":"standard","meta":{"_bbp_topic_count":0,"_bbp_reply_count":0,"_bbp_total_topic_count":0,"_bbp_total_reply_count":0,"_bbp_voice_count":0,"_bbp_anonymous_reply_count":0,"_bbp_topic_count_hidden":0,"_bbp_reply_count_hidden":0,"_bbp_forum_subforum_count":0,"footnotes":""},"categories":[60,1],"tags":[71,83,65],"class_list":["post-767","post","type-post","status-publish","format-standard","hentry","category-cdaxarxa","category-general","tag-actuacions-educatives-dexit","tag-comunitats-daprenentatge","tag-formacio-de-familiars"],"post_mailing_queue_ids":[],"_links":{"self":[{"href":"https:\/\/agora.xtec.cat\/ceip-jruyra-l-h\/wp-json\/wp\/v2\/posts\/767","targetHints":{"allow":["GET"]}}],"collection":[{"href":"https:\/\/agora.xtec.cat\/ceip-jruyra-l-h\/wp-json\/wp\/v2\/posts"}],"about":[{"href":"https:\/\/agora.xtec.cat\/ceip-jruyra-l-h\/wp-json\/wp\/v2\/types\/post"}],"author":[{"embeddable":true,"href":"https:\/\/agora.xtec.cat\/ceip-jruyra-l-h\/wp-json\/wp\/v2\/users\/3"}],"replies":[{"embeddable":true,"href":"https:\/\/agora.xtec.cat\/ceip-jruyra-l-h\/wp-json\/wp\/v2\/comments?post=767"}],"version-history":[{"count":1,"href":"https:\/\/agora.xtec.cat\/ceip-jruyra-l-h\/wp-json\/wp\/v2\/posts\/767\/revisions"}],"predecessor-version":[{"id":768,"href":"https:\/\/agora.xtec.cat\/ceip-jruyra-l-h\/wp-json\/wp\/v2\/posts\/767\/revisions\/768"}],"wp:attachment":[{"href":"https:\/\/agora.xtec.cat\/ceip-jruyra-l-h\/wp-json\/wp\/v2\/media?parent=767"}],"wp:term":[{"taxonomy":"category","embeddable":true,"href":"https:\/\/agora.xtec.cat\/ceip-jruyra-l-h\/wp-json\/wp\/v2\/categories?post=767"},{"taxonomy":"post_tag","embeddable":true,"href":"https:\/\/agora.xtec.cat\/ceip-jruyra-l-h\/wp-json\/wp\/v2\/tags?post=767"}],"curies":[{"name":"wp","href":"https:\/\/api.w.org\/{rel}","templated":true}]}}