{"id":7664,"date":"2021-04-29T10:39:59","date_gmt":"2021-04-29T08:39:59","guid":{"rendered":"https:\/\/agora.xtec.cat\/ceip-jruyra-l-h\/?p=7664"},"modified":"2022-10-07T20:39:49","modified_gmt":"2022-10-07T18:39:49","slug":"trobada-comunitats-daprenentatg","status":"publish","type":"post","link":"https:\/\/agora.xtec.cat\/ceip-jruyra-l-h\/general\/trobada-comunitats-daprenentatg\/","title":{"rendered":"Trobada Comunitats d&#8217;Aprenentatge"},"content":{"rendered":"<p>El dissabte 15 de maig es celebrar\u00e0 una trobada telem\u00e0tica de Comunitats d&#8217;Aprenentatge. Us compartim el cartell i l&#8217;enlla\u00e7 a la inscripci\u00f3. Tots els membres de la comunitat educativa (familiars, mestres, personal en pr\u00e0ctiques, voluntaris, col\u00b7laboradors, etc.) esteu convidats.<\/p>\n<p>Per fer la inscripci\u00f3 feu <a href=\"https:\/\/docs.google.com\/forms\/d\/1owS8ik2IQBAkb3GmV2W4iH_4hkQ7P_LODF5w5XHDKZQ\/viewform?gxids=7628&amp;edit_requested=true\" target=\"_blank\" rel=\"noopener noreferrer\">click aqu\u00ed<\/a><\/p>\n<p><a href=\"https:\/\/agora.xtec.cat\/ceip-jruyra-l-h\/wp-content\/uploads\/usu2049\/2021\/04\/Comunitat-daprenentatge-programa.pdf\"><img loading=\"lazy\" decoding=\"async\" class=\"alignnone wp-image-7665 size-large\" src=\"https:\/\/agora.xtec.cat\/ceip-jruyra-l-h\/wp-content\/uploads\/usu2049\/2021\/04\/cats-710x1024.jpg\" alt=\"\" width=\"710\" height=\"1024\" srcset=\"https:\/\/agora.xtec.cat\/ceip-jruyra-l-h\/wp-content\/uploads\/usu2049\/2021\/04\/cats-710x1024.jpg 710w, https:\/\/agora.xtec.cat\/ceip-jruyra-l-h\/wp-content\/uploads\/usu2049\/2021\/04\/cats-208x300.jpg 208w, https:\/\/agora.xtec.cat\/ceip-jruyra-l-h\/wp-content\/uploads\/usu2049\/2021\/04\/cats.jpg 711w\" sizes=\"auto, (max-width: 710px) 100vw, 710px\" \/><\/a><\/p>\n","protected":false},"excerpt":{"rendered":"<p>El dissabte 15 de maig es celebrar\u00e0 una trobada telem\u00e0tica de Comunitats d&#8217;Aprenentatge. Us compartim el cartell i l&#8217;enlla\u00e7 a la inscripci\u00f3. Tots els membres de la comunitat educativa (familiars, mestres, personal en pr\u00e0ctiques, voluntaris, col\u00b7laboradors, etc.) esteu convidats.<br \/>\nPer fer la inscripci\u00f3 feu <a href=\"https:\/\/docs.google.com\/forms\/d\/1owS8ik2IQBAkb3GmV2W4iH_4hkQ7P_LODF5w5XHDKZQ\/viewform?gxids=7628&amp;edit_requested=true\"&hellip;  <a href=\"https:\/\/agora.xtec.cat\/ceip-jruyra-l-h\/general\/trobada-comunitats-daprenentatg\/\" title=\"Read Trobada Comunitats d&#8217;Aprenentatge\">Llegeix m\u00e9s\u00bb<\/a><\/p>\n","protected":false},"author":3,"featured_media":7665,"comment_status":"open","ping_status":"closed","sticky":false,"template":"","format":"standard","meta":{"_bbp_topic_count":0,"_bbp_reply_count":0,"_bbp_total_topic_count":0,"_bbp_total_reply_count":0,"_bbp_voice_count":0,"_bbp_anonymous_reply_count":0,"_bbp_topic_count_hidden":0,"_bbp_reply_count_hidden":0,"_bbp_forum_subforum_count":0,"footnotes":""},"categories":[60,1],"tags":[83],"class_list":["post-7664","post","type-post","status-publish","format-standard","has-post-thumbnail","hentry","category-cdaxarxa","category-general","tag-comunitats-daprenentatge"],"post_mailing_queue_ids":[],"_links":{"self":[{"href":"https:\/\/agora.xtec.cat\/ceip-jruyra-l-h\/wp-json\/wp\/v2\/posts\/7664","targetHints":{"allow":["GET"]}}],"collection":[{"href":"https:\/\/agora.xtec.cat\/ceip-jruyra-l-h\/wp-json\/wp\/v2\/posts"}],"about":[{"href":"https:\/\/agora.xtec.cat\/ceip-jruyra-l-h\/wp-json\/wp\/v2\/types\/post"}],"author":[{"embeddable":true,"href":"https:\/\/agora.xtec.cat\/ceip-jruyra-l-h\/wp-json\/wp\/v2\/users\/3"}],"replies":[{"embeddable":true,"href":"https:\/\/agora.xtec.cat\/ceip-jruyra-l-h\/wp-json\/wp\/v2\/comments?post=7664"}],"version-history":[{"count":3,"href":"https:\/\/agora.xtec.cat\/ceip-jruyra-l-h\/wp-json\/wp\/v2\/posts\/7664\/revisions"}],"predecessor-version":[{"id":7685,"href":"https:\/\/agora.xtec.cat\/ceip-jruyra-l-h\/wp-json\/wp\/v2\/posts\/7664\/revisions\/7685"}],"wp:featuredmedia":[{"embeddable":true,"href":"https:\/\/agora.xtec.cat\/ceip-jruyra-l-h\/wp-json\/wp\/v2\/media\/7665"}],"wp:attachment":[{"href":"https:\/\/agora.xtec.cat\/ceip-jruyra-l-h\/wp-json\/wp\/v2\/media?parent=7664"}],"wp:term":[{"taxonomy":"category","embeddable":true,"href":"https:\/\/agora.xtec.cat\/ceip-jruyra-l-h\/wp-json\/wp\/v2\/categories?post=7664"},{"taxonomy":"post_tag","embeddable":true,"href":"https:\/\/agora.xtec.cat\/ceip-jruyra-l-h\/wp-json\/wp\/v2\/tags?post=7664"}],"curies":[{"name":"wp","href":"https:\/\/api.w.org\/{rel}","templated":true}]}}