{"id":755,"date":"2019-06-05T20:05:55","date_gmt":"2019-06-05T18:05:55","guid":{"rendered":"https:\/\/agora.xtec.cat\/ceip-jruyra-l-h\/?p=755"},"modified":"2020-06-18T11:34:00","modified_gmt":"2020-06-18T09:34:00","slug":"seguim-construint-la-norma","status":"publish","type":"post","link":"https:\/\/agora.xtec.cat\/ceip-jruyra-l-h\/general\/seguim-construint-la-norma\/","title":{"rendered":"Seguim construint la NORMA"},"content":{"rendered":"<p>El dimarts vam celebrar una assemblea per seguir compartint el treball realitzat a partir del Model Dial\u00f2gic de Prevenci\u00f3 i Resoluci\u00f3 de Conflictes.<\/p>\n<p>En aquesta reuni\u00f3, a la que tamb\u00e9 van assistir representants d&#8217;aula, vam parlar de les diferents propostes de norma que els alumnes han proposat a les classes.<\/p>\n<p>A partir d&#8217;aquestes propostes, els pares van col\u00b7laborar afegint el seu punt de vista i donant noves possibilitats. Les conclusions d&#8217;aquesta reuni\u00f3 tornaran a ser debatudes a les assemblees d&#8217;aula per intentar arribar a un consens en busca de la NORMA que millor representi a la nostra escola.<\/p>\n<p>Els nens van fer un petit obsequi als familiars que van assistir a la reuni\u00f3.<\/p>\n<p>&nbsp;<\/p>\n<p><a href=\"https:\/\/lh3.googleusercontent.com\/-8fTqPbkD450\/XPirXFamSEI\/AAAAAAAArUg\/zBw2Tf4gUKQEUo9hpru8k79Sa-jl_PCCQCLcBGAs\/s1600\/IMG_1839.JPG\"><img decoding=\"async\" src=\"https:\/\/lh3.googleusercontent.com\/-8fTqPbkD450\/XPirXFamSEI\/AAAAAAAArUg\/zBw2Tf4gUKQEUo9hpru8k79Sa-jl_PCCQCLcBGAs\/IMG_1839.JPG\" data-original-width=\"\" data-original-height=\"\" \/><\/a><\/p>\n<p>&nbsp;<\/p>\n<p><a href=\"https:\/\/lh3.googleusercontent.com\/-QUKuwTOI5rI\/XPirZde_NZI\/AAAAAAAArUk\/Jfwa3vXTxjQl24JEnpNbCAfXJ9FLPBsRACLcBGAs\/s1600\/IMG_1839.JPG\"><img decoding=\"async\" src=\"https:\/\/lh3.googleusercontent.com\/-QUKuwTOI5rI\/XPirZde_NZI\/AAAAAAAArUk\/Jfwa3vXTxjQl24JEnpNbCAfXJ9FLPBsRACLcBGAs\/IMG_1839.JPG\" data-original-width=\"\" data-original-height=\"\" \/><\/a><\/p>\n<p>&nbsp;<\/p>\n<p><a href=\"https:\/\/lh3.googleusercontent.com\/-pEh3O6H5tTM\/XPirbE-j4vI\/AAAAAAAArUo\/WrOclJt2hR4DMyVZcPpFD-Q_JfTNHX-UACLcBGAs\/s1600\/IMG_1839.JPG\"><img decoding=\"async\" src=\"https:\/\/lh3.googleusercontent.com\/-pEh3O6H5tTM\/XPirbE-j4vI\/AAAAAAAArUo\/WrOclJt2hR4DMyVZcPpFD-Q_JfTNHX-UACLcBGAs\/IMG_1839.JPG\" data-original-width=\"\" data-original-height=\"\" \/><\/a><\/p>\n<p>&nbsp;<\/p>\n<p><a href=\"https:\/\/lh3.googleusercontent.com\/-6lOF0UPurJE\/XPirdCisAYI\/AAAAAAAArUs\/HzrUPVXgJ6wKqee_AIuakXkdOPDjS1BgACLcBGAs\/s1600\/IMG_1839.JPG\"><img decoding=\"async\" src=\"https:\/\/lh3.googleusercontent.com\/-6lOF0UPurJE\/XPirdCisAYI\/AAAAAAAArUs\/HzrUPVXgJ6wKqee_AIuakXkdOPDjS1BgACLcBGAs\/IMG_1839.JPG\" data-original-width=\"\" data-original-height=\"\" \/><\/a><\/p>\n<p>&nbsp;<\/p>\n<p>&nbsp;<\/p>\n<p>&nbsp;<\/p>\n<p>&nbsp;<\/p>\n<p>&nbsp;<\/p>\n<p>&nbsp;<\/p>\n<p>&nbsp;<\/p>\n<p>&nbsp;<\/p>\n<p>&nbsp;<\/p>\n<p>&nbsp;<\/p>\n<p>&nbsp;<\/p>\n<p>&nbsp;<\/p>\n","protected":false},"excerpt":{"rendered":"<p>El dimarts vam celebrar una assemblea per seguir compartint el treball realitzat a partir del Model Dial\u00f2gic de Prevenci\u00f3 i Resoluci\u00f3 de Conflictes.&hellip;  <a href=\"https:\/\/agora.xtec.cat\/ceip-jruyra-l-h\/general\/seguim-construint-la-norma\/\" title=\"Read Seguim construint la NORMA\">Llegeix m\u00e9s\u00bb<\/a><\/p>\n","protected":false},"author":3,"featured_media":756,"comment_status":"open","ping_status":"closed","sticky":false,"template":"","format":"standard","meta":{"_bbp_topic_count":0,"_bbp_reply_count":0,"_bbp_total_topic_count":0,"_bbp_total_reply_count":0,"_bbp_voice_count":0,"_bbp_anonymous_reply_count":0,"_bbp_topic_count_hidden":0,"_bbp_reply_count_hidden":0,"_bbp_forum_subforum_count":0,"footnotes":""},"categories":[60,1],"tags":[71,83,66,67],"class_list":["post-755","post","type-post","status-publish","format-standard","has-post-thumbnail","hentry","category-cdaxarxa","category-general","tag-actuacions-educatives-dexit","tag-comunitats-daprenentatge","tag-model-dialogic-de-prevencio-i-resolucio-de-conflictes","tag-participacio-educativa-de-la-comunitat"],"post_mailing_queue_ids":[],"_links":{"self":[{"href":"https:\/\/agora.xtec.cat\/ceip-jruyra-l-h\/wp-json\/wp\/v2\/posts\/755","targetHints":{"allow":["GET"]}}],"collection":[{"href":"https:\/\/agora.xtec.cat\/ceip-jruyra-l-h\/wp-json\/wp\/v2\/posts"}],"about":[{"href":"https:\/\/agora.xtec.cat\/ceip-jruyra-l-h\/wp-json\/wp\/v2\/types\/post"}],"author":[{"embeddable":true,"href":"https:\/\/agora.xtec.cat\/ceip-jruyra-l-h\/wp-json\/wp\/v2\/users\/3"}],"replies":[{"embeddable":true,"href":"https:\/\/agora.xtec.cat\/ceip-jruyra-l-h\/wp-json\/wp\/v2\/comments?post=755"}],"version-history":[{"count":2,"href":"https:\/\/agora.xtec.cat\/ceip-jruyra-l-h\/wp-json\/wp\/v2\/posts\/755\/revisions"}],"predecessor-version":[{"id":1529,"href":"https:\/\/agora.xtec.cat\/ceip-jruyra-l-h\/wp-json\/wp\/v2\/posts\/755\/revisions\/1529"}],"wp:featuredmedia":[{"embeddable":true,"href":"https:\/\/agora.xtec.cat\/ceip-jruyra-l-h\/wp-json\/wp\/v2\/media\/756"}],"wp:attachment":[{"href":"https:\/\/agora.xtec.cat\/ceip-jruyra-l-h\/wp-json\/wp\/v2\/media?parent=755"}],"wp:term":[{"taxonomy":"category","embeddable":true,"href":"https:\/\/agora.xtec.cat\/ceip-jruyra-l-h\/wp-json\/wp\/v2\/categories?post=755"},{"taxonomy":"post_tag","embeddable":true,"href":"https:\/\/agora.xtec.cat\/ceip-jruyra-l-h\/wp-json\/wp\/v2\/tags?post=755"}],"curies":[{"name":"wp","href":"https:\/\/api.w.org\/{rel}","templated":true}]}}