{"id":737,"date":"2019-02-25T20:00:32","date_gmt":"2019-02-25T19:00:32","guid":{"rendered":"https:\/\/agora.xtec.cat\/ceip-jruyra-l-h\/?p=737"},"modified":"2019-11-23T20:00:53","modified_gmt":"2019-11-23T19:00:53","slug":"preinscripcio-jornada-de-portes-obertes","status":"publish","type":"post","link":"https:\/\/agora.xtec.cat\/ceip-jruyra-l-h\/general\/preinscripcio-jornada-de-portes-obertes\/","title":{"rendered":"Preinscripci\u00f3: Jornada de Portes Obertes"},"content":{"rendered":"<div class=\"separator\" style=\"clear: both; text-align: center;\"><\/div>\n<div class=\"separator\" style=\"clear: both; text-align: center;\"><a style=\"margin-left: 1em; margin-right: 1em;\" href=\"https:\/\/3.bp.blogspot.com\/-E9O7_Bp6bks\/XIZszjtxihI\/AAAAAAAAovA\/3SgCIHIBzdUfoF2kQTuRvDmPphr-SWyCwCLcBGAs\/s1600\/Jornada%2Bde%2BPortes%2BObertes.jpg\"><img loading=\"lazy\" decoding=\"async\" src=\"https:\/\/3.bp.blogspot.com\/-E9O7_Bp6bks\/XIZszjtxihI\/AAAAAAAAovA\/3SgCIHIBzdUfoF2kQTuRvDmPphr-SWyCwCLcBGAs\/s640\/Jornada%2Bde%2BPortes%2BObertes.jpg\" width=\"451\" height=\"640\" border=\"0\" data-original-height=\"848\" data-original-width=\"599\" \/><\/a><\/div>\n<div class=\"separator\" style=\"clear: both; text-align: center;\"><\/div>\n<div class=\"separator\" style=\"clear: both; text-align: left;\"><\/div>\n<div class=\"separator\" style=\"clear: both; text-align: left;\"><\/div>\n<p>El proper dimarts 26 de mar\u00e7 a les 15:15h, a l&#8217;Escola Joaquim Ruyra, obrim les portes a tots aquells familiars que vulguin con\u00e8ixer el nostre projecte.<\/p>\n<p><span style=\"-webkit-text-stroke-width: 0px; background-color: white; color: #1d2129; display: inline !important; float: none; font-family: Helvetica, Arial, sans-serif; font-size: 14px; font-style: normal; font-variant-caps: normal; font-variant-ligatures: normal; font-weight: 400; letter-spacing: normal; orphans: 2; text-align: start; text-decoration-color: initial; text-decoration-style: initial; text-indent: 0px; text-transform: none; white-space: normal; widows: 2; word-spacing: 0px;\">Vine si vols con\u00e8ixer la nostra escola i recollir la documentaci\u00f3 que s&#8217;ha de presentar. El proc\u00e9s de preinscripci\u00f3 comen\u00e7a aquest divendres.<\/span><\/p>\n<p>Per poder fer un c\u00e0lcul aproximat i organitzar la visita, us demanem que ompliu el seg\u00fcent formulari, <a href=\"https:\/\/docs.google.com\/a\/xtec.cat\/forms\/d\/e\/1FAIpQLSd4tmTjHPyrsZetkK1vm-go7DCONJvmxVGY1mtlyXM8E6Srpw\/viewform?entry.1727392251&amp;entry.38721903&amp;entry.1196329726&amp;entry.1557148800&amp;entry.776304361\" target=\"_blank\" rel=\"noopener noreferrer\">fent click a l&#8217;enlla\u00e7<\/a>.<\/p>\n<p>Moltes gr\u00e0cies per la vostra col\u00b7laboraci\u00f3.<\/p>\n","protected":false},"excerpt":{"rendered":"<p><a style=\"margin-left: 1em; margin-right: 1em;\" href=\"https:\/\/3.bp.blogspot.com\/-E9O7_Bp6bks\/XIZszjtxihI\/AAAAAAAAovA\/3SgCIHIBzdUfoF2kQTuRvDmPphr-SWyCwCLcBGAs\/s1600\/Jornada%2Bde%2BPortes%2BObertes.jpg\"><\/a><\/p>\n<p>El proper dimarts 26 de mar\u00e7 a les 15:15h, a l&#8217;Escola Joaquim Ruyra, obrim les portes a tots aquells familiars que vulguin con\u00e8ixer el nostre projecte.<br \/>\nVine si vols con\u00e8ixer la nostra escola i recollir la documentaci\u00f3 que s&#8217;ha de presentar.&hellip;  <a href=\"https:\/\/agora.xtec.cat\/ceip-jruyra-l-h\/general\/preinscripcio-jornada-de-portes-obertes\/\" title=\"Read Preinscripci\u00f3: Jornada de Portes Obertes\">Llegeix m\u00e9s\u00bb<\/a><\/p>\n","protected":false},"author":3,"featured_media":738,"comment_status":"open","ping_status":"closed","sticky":false,"template":"","format":"standard","meta":{"_bbp_topic_count":0,"_bbp_reply_count":0,"_bbp_total_topic_count":0,"_bbp_total_reply_count":0,"_bbp_voice_count":0,"_bbp_anonymous_reply_count":0,"_bbp_topic_count_hidden":0,"_bbp_reply_count_hidden":0,"_bbp_forum_subforum_count":0,"footnotes":""},"categories":[1],"tags":[],"class_list":["post-737","post","type-post","status-publish","format-standard","has-post-thumbnail","hentry","category-general"],"post_mailing_queue_ids":[],"_links":{"self":[{"href":"https:\/\/agora.xtec.cat\/ceip-jruyra-l-h\/wp-json\/wp\/v2\/posts\/737","targetHints":{"allow":["GET"]}}],"collection":[{"href":"https:\/\/agora.xtec.cat\/ceip-jruyra-l-h\/wp-json\/wp\/v2\/posts"}],"about":[{"href":"https:\/\/agora.xtec.cat\/ceip-jruyra-l-h\/wp-json\/wp\/v2\/types\/post"}],"author":[{"embeddable":true,"href":"https:\/\/agora.xtec.cat\/ceip-jruyra-l-h\/wp-json\/wp\/v2\/users\/3"}],"replies":[{"embeddable":true,"href":"https:\/\/agora.xtec.cat\/ceip-jruyra-l-h\/wp-json\/wp\/v2\/comments?post=737"}],"version-history":[{"count":1,"href":"https:\/\/agora.xtec.cat\/ceip-jruyra-l-h\/wp-json\/wp\/v2\/posts\/737\/revisions"}],"predecessor-version":[{"id":739,"href":"https:\/\/agora.xtec.cat\/ceip-jruyra-l-h\/wp-json\/wp\/v2\/posts\/737\/revisions\/739"}],"wp:featuredmedia":[{"embeddable":true,"href":"https:\/\/agora.xtec.cat\/ceip-jruyra-l-h\/wp-json\/wp\/v2\/media\/738"}],"wp:attachment":[{"href":"https:\/\/agora.xtec.cat\/ceip-jruyra-l-h\/wp-json\/wp\/v2\/media?parent=737"}],"wp:term":[{"taxonomy":"category","embeddable":true,"href":"https:\/\/agora.xtec.cat\/ceip-jruyra-l-h\/wp-json\/wp\/v2\/categories?post=737"},{"taxonomy":"post_tag","embeddable":true,"href":"https:\/\/agora.xtec.cat\/ceip-jruyra-l-h\/wp-json\/wp\/v2\/tags?post=737"}],"curies":[{"name":"wp","href":"https:\/\/api.w.org\/{rel}","templated":true}]}}