{"id":729,"date":"2018-12-17T19:58:19","date_gmt":"2018-12-17T18:58:19","guid":{"rendered":"https:\/\/agora.xtec.cat\/ceip-jruyra-l-h\/?p=729"},"modified":"2020-06-18T11:34:22","modified_gmt":"2020-06-18T09:34:22","slug":"el-mercat-de-la-historia","status":"publish","type":"post","link":"https:\/\/agora.xtec.cat\/ceip-jruyra-l-h\/general\/el-mercat-de-la-historia\/","title":{"rendered":"El Mercat de la Hist\u00f2ria"},"content":{"rendered":"<p><iframe loading=\"lazy\" src=\"https:\/\/www.youtube.com\/embed\/jWKINYE0sSk\" width=\"560\" height=\"315\" frameborder=\"0\" allowfullscreen=\"allowfullscreen\"><\/iframe> <span style=\"background-color: white; color: #0a0a0a; font-family: 'roboto' , 'arial' , sans-serif; font-size: 14px; white-space: pre-wrap;\"><br \/>\n<\/span> <span style=\"background-color: white; color: #0a0a0a; font-family: 'roboto' , 'arial' , sans-serif; font-size: 14px; white-space: pre-wrap;\"><br \/>\n<\/span><\/p>\n<div style=\"text-align: justify;\"><span style=\"background-color: white; color: #0a0a0a; font-family: 'roboto' , 'arial' , sans-serif; font-size: 14px; white-space: pre-wrap;\">El passat dimecres 5 de desembre els alumnes de 5\u00e8 i 6\u00e8 van assistir a l&#8217;activitat &#8220;El mercat de la Hist\u00f2ria&#8221; que van organitzar des del Departament de Did\u00e0ctiques Aplicades i la Facultat d&#8217;Educaci\u00f3 de la Universitat de Barcelona.<\/span><\/div>\n<p><span style=\"background-color: white; color: #0a0a0a; font-family: roboto, arial, sans-serif; font-size: 14px; text-align: justify; white-space: pre-wrap;\"><br \/>\n<\/span><span style=\"background-color: white; color: #0a0a0a; font-family: roboto, arial, sans-serif; font-size: 14px; text-align: justify; white-space: pre-wrap;\">En aquesta activitat vam treballar en Grups Interactius. Va ser tot un luxe per nosaltres con\u00e8ixer de primera m\u00e0 el Campus on est\u00e0 situada la Facultat d&#8217;Educaci\u00f3 de la Universitat de Barcelona.<\/span><\/p>\n","protected":false},"excerpt":{"rendered":"\n<p>El passat dimecres 5 de desembre els alumnes de 5\u00e8 i 6\u00e8 van assistir a l&#8217;activitat &#8220;El mercat de la Hist\u00f2ria&#8221; que van organitzar des del Departament de Did\u00e0ctiques Aplicades i la Facultat d&#8217;Educaci\u00f3 de la Universitat de Barcelona.<\/p>\n<p>En aquesta activitat vam treballar&hellip;  <a href=\"https:\/\/agora.xtec.cat\/ceip-jruyra-l-h\/general\/el-mercat-de-la-historia\/\" title=\"Read El Mercat de la Hist\u00f2ria\">Llegeix m\u00e9s\u00bb<\/a><\/p>\n","protected":false},"author":3,"featured_media":730,"comment_status":"open","ping_status":"closed","sticky":false,"template":"","format":"standard","meta":{"_bbp_topic_count":0,"_bbp_reply_count":0,"_bbp_total_topic_count":0,"_bbp_total_reply_count":0,"_bbp_voice_count":0,"_bbp_anonymous_reply_count":0,"_bbp_topic_count_hidden":0,"_bbp_reply_count_hidden":0,"_bbp_forum_subforum_count":0,"footnotes":""},"categories":[1],"tags":[71,83,64],"class_list":["post-729","post","type-post","status-publish","format-standard","has-post-thumbnail","hentry","category-general","tag-actuacions-educatives-dexit","tag-comunitats-daprenentatge","tag-grups-interactius"],"post_mailing_queue_ids":[],"_links":{"self":[{"href":"https:\/\/agora.xtec.cat\/ceip-jruyra-l-h\/wp-json\/wp\/v2\/posts\/729","targetHints":{"allow":["GET"]}}],"collection":[{"href":"https:\/\/agora.xtec.cat\/ceip-jruyra-l-h\/wp-json\/wp\/v2\/posts"}],"about":[{"href":"https:\/\/agora.xtec.cat\/ceip-jruyra-l-h\/wp-json\/wp\/v2\/types\/post"}],"author":[{"embeddable":true,"href":"https:\/\/agora.xtec.cat\/ceip-jruyra-l-h\/wp-json\/wp\/v2\/users\/3"}],"replies":[{"embeddable":true,"href":"https:\/\/agora.xtec.cat\/ceip-jruyra-l-h\/wp-json\/wp\/v2\/comments?post=729"}],"version-history":[{"count":2,"href":"https:\/\/agora.xtec.cat\/ceip-jruyra-l-h\/wp-json\/wp\/v2\/posts\/729\/revisions"}],"predecessor-version":[{"id":2049,"href":"https:\/\/agora.xtec.cat\/ceip-jruyra-l-h\/wp-json\/wp\/v2\/posts\/729\/revisions\/2049"}],"wp:featuredmedia":[{"embeddable":true,"href":"https:\/\/agora.xtec.cat\/ceip-jruyra-l-h\/wp-json\/wp\/v2\/media\/730"}],"wp:attachment":[{"href":"https:\/\/agora.xtec.cat\/ceip-jruyra-l-h\/wp-json\/wp\/v2\/media?parent=729"}],"wp:term":[{"taxonomy":"category","embeddable":true,"href":"https:\/\/agora.xtec.cat\/ceip-jruyra-l-h\/wp-json\/wp\/v2\/categories?post=729"},{"taxonomy":"post_tag","embeddable":true,"href":"https:\/\/agora.xtec.cat\/ceip-jruyra-l-h\/wp-json\/wp\/v2\/tags?post=729"}],"curies":[{"name":"wp","href":"https:\/\/api.w.org\/{rel}","templated":true}]}}