{"id":718,"date":"2018-06-20T19:54:27","date_gmt":"2018-06-20T17:54:27","guid":{"rendered":"https:\/\/agora.xtec.cat\/ceip-jruyra-l-h\/?p=718"},"modified":"2019-11-23T19:54:50","modified_gmt":"2019-11-23T18:54:50","slug":"visita-de-la-senyora-nubia-ruth-angulo","status":"publish","type":"post","link":"https:\/\/agora.xtec.cat\/ceip-jruyra-l-h\/general\/visita-de-la-senyora-nubia-ruth-angulo\/","title":{"rendered":"Visita de la senyora Nubia Ruth Angulo"},"content":{"rendered":"<p style=\"text-align: justify;\">Avui ens ha visitat la senyora Nubia Ruth Angulo, la Coordinadora Acad\u00e8mica de la Instituci\u00f3 Educativa Comunitaria Luis Carlos Valencia (Cali) i Catedr\u00e0tica de la Universitat del Valle (Col\u00f2mbia).<\/p>\n<p style=\"text-align: justify;\">Ha estat un plaer compartir la nostra experi\u00e8ncia i esperem not\u00edcies de l&#8217;aplicaci\u00f3 del projecte Comunitats d&#8217;Aprenentatge al seu municipi.<\/p>\n<p style=\"text-align: justify;\">\n<p><a href=\"https:\/\/lh3.googleusercontent.com\/-I3u8JXIKWSc\/WypBuGuivQI\/AAAAAAAAh8U\/G1MnAdP8RAgbmECfisnajWaZYzjUGhtQQCHMYCw\/s1600\/%255BUNSET%255\"><img decoding=\"async\" src=\"https:\/\/lh3.googleusercontent.com\/-I3u8JXIKWSc\/WypBuGuivQI\/AAAAAAAAh8U\/G1MnAdP8RAgbmECfisnajWaZYzjUGhtQQCHMYCw\/%255BUNSET%255D\" border=\"0\" data-original-width=\"\" data-original-height=\"\" \/><\/a><\/p>\n<p><a href=\"https:\/\/lh3.googleusercontent.com\/-xyn_lrPjt9I\/Wyo_YfPYH-I\/AAAAAAAAh8E\/CXh1z-oyUEsF_PZuEO8WbLO4YpvuEwIaACHMYCw\/s1600\/%255BUNSET%255\"><img decoding=\"async\" src=\"https:\/\/lh3.googleusercontent.com\/-xyn_lrPjt9I\/Wyo_YfPYH-I\/AAAAAAAAh8E\/CXh1z-oyUEsF_PZuEO8WbLO4YpvuEwIaACHMYCw\/%255BUNSET%255D\" border=\"0\" data-original-width=\"\" data-original-height=\"\" \/><\/a><\/p>\n","protected":false},"excerpt":{"rendered":"<p>Avui ens ha visitat la senyora Nubia Ruth Angulo, la Coordinadora Acad\u00e8mica de la Instituci\u00f3 Educativa Comunitaria Luis Carlos Valencia (Cali) i Catedr\u00e0tica de la Universitat del Valle (Col\u00f2mbia).<br \/>\nHa estat un plaer compartir la nostra experi\u00e8ncia i esperem not\u00edcies de l&#8217;aplicaci\u00f3 del projecte Comunitats d&#8217;Aprenentatge&hellip;  <a href=\"https:\/\/agora.xtec.cat\/ceip-jruyra-l-h\/general\/visita-de-la-senyora-nubia-ruth-angulo\/\" title=\"Read Visita de la senyora Nubia Ruth Angulo\">Llegeix m\u00e9s\u00bb<\/a><\/p>\n","protected":false},"author":3,"featured_media":0,"comment_status":"open","ping_status":"closed","sticky":false,"template":"","format":"standard","meta":{"_bbp_topic_count":0,"_bbp_reply_count":0,"_bbp_total_topic_count":0,"_bbp_total_reply_count":0,"_bbp_voice_count":0,"_bbp_anonymous_reply_count":0,"_bbp_topic_count_hidden":0,"_bbp_reply_count_hidden":0,"_bbp_forum_subforum_count":0,"footnotes":""},"categories":[1],"tags":[],"class_list":["post-718","post","type-post","status-publish","format-standard","hentry","category-general"],"post_mailing_queue_ids":[],"_links":{"self":[{"href":"https:\/\/agora.xtec.cat\/ceip-jruyra-l-h\/wp-json\/wp\/v2\/posts\/718","targetHints":{"allow":["GET"]}}],"collection":[{"href":"https:\/\/agora.xtec.cat\/ceip-jruyra-l-h\/wp-json\/wp\/v2\/posts"}],"about":[{"href":"https:\/\/agora.xtec.cat\/ceip-jruyra-l-h\/wp-json\/wp\/v2\/types\/post"}],"author":[{"embeddable":true,"href":"https:\/\/agora.xtec.cat\/ceip-jruyra-l-h\/wp-json\/wp\/v2\/users\/3"}],"replies":[{"embeddable":true,"href":"https:\/\/agora.xtec.cat\/ceip-jruyra-l-h\/wp-json\/wp\/v2\/comments?post=718"}],"version-history":[{"count":1,"href":"https:\/\/agora.xtec.cat\/ceip-jruyra-l-h\/wp-json\/wp\/v2\/posts\/718\/revisions"}],"predecessor-version":[{"id":719,"href":"https:\/\/agora.xtec.cat\/ceip-jruyra-l-h\/wp-json\/wp\/v2\/posts\/718\/revisions\/719"}],"wp:attachment":[{"href":"https:\/\/agora.xtec.cat\/ceip-jruyra-l-h\/wp-json\/wp\/v2\/media?parent=718"}],"wp:term":[{"taxonomy":"category","embeddable":true,"href":"https:\/\/agora.xtec.cat\/ceip-jruyra-l-h\/wp-json\/wp\/v2\/categories?post=718"},{"taxonomy":"post_tag","embeddable":true,"href":"https:\/\/agora.xtec.cat\/ceip-jruyra-l-h\/wp-json\/wp\/v2\/tags?post=718"}],"curies":[{"name":"wp","href":"https:\/\/api.w.org\/{rel}","templated":true}]}}