{"id":716,"date":"2018-05-31T19:53:45","date_gmt":"2018-05-31T17:53:45","guid":{"rendered":"https:\/\/agora.xtec.cat\/ceip-jruyra-l-h\/?p=716"},"modified":"2020-06-18T11:34:22","modified_gmt":"2020-06-18T09:34:22","slug":"assemblea-de-familiars","status":"publish","type":"post","link":"https:\/\/agora.xtec.cat\/ceip-jruyra-l-h\/general\/assemblea-de-familiars\/","title":{"rendered":"Assemblea de familiars"},"content":{"rendered":"<p>Avui hem celebrat una assemblea de familiars en la que els alumnes han explicat tot el que han apr\u00e8s a les assemblees d&#8217;aula i en qu\u00e8 consisteix el Club dels Valents.<\/p>\n<p>A m\u00e9s a m\u00e9s hem comptat amb la col\u00b7laboraci\u00f3 de la Susana Le\u00f3n, experta en Comunitats d&#8217;Aprenentatge, que ens ha parlat del Model Dial\u00f2gic de Prevenci\u00f3 i Resoluci\u00f3 de Conflictes.<\/p>\n<p>Estem molt contents amb l&#8217;\u00e8xit de la convocat\u00f2ria. M\u00e9s de 70 familiars han assistit a aquesta trobada. Moltes gr\u00e0cies!!!<\/p>\n<p><a href=\"https:\/\/lh3.googleusercontent.com\/-kQyvPdUJuxQ\/WxAOfZd2sWI\/AAAAAAAAhDs\/MZu8mYhxlH0MXSBK8K-C1SGf7F1gaVT0wCHMYCw\/s1600\/%255BUNSET%255\"><img decoding=\"async\" src=\"https:\/\/lh3.googleusercontent.com\/-kQyvPdUJuxQ\/WxAOfZd2sWI\/AAAAAAAAhDs\/MZu8mYhxlH0MXSBK8K-C1SGf7F1gaVT0wCHMYCw\/%255BUNSET%255D\" border=\"0\" data-original-width=\"\" data-original-height=\"\" \/><\/a><\/p>\n<p><a href=\"https:\/\/lh3.googleusercontent.com\/-qStCNxcZUfg\/WxAOg06Mt-I\/AAAAAAAAhDw\/kQE0emRla-kVAqgr4NGpwEu11hPymQPGgCHMYCw\/s1600\/%255BUNSET%255\"><img decoding=\"async\" src=\"https:\/\/lh3.googleusercontent.com\/-qStCNxcZUfg\/WxAOg06Mt-I\/AAAAAAAAhDw\/kQE0emRla-kVAqgr4NGpwEu11hPymQPGgCHMYCw\/%255BUNSET%255D\" border=\"0\" data-original-width=\"\" data-original-height=\"\" \/><\/a><\/p>\n<p><a href=\"https:\/\/lh3.googleusercontent.com\/-Igf7q55d-hs\/WxAOiAFGt_I\/AAAAAAAAhD0\/6lLsA1OmUdEs7ZvvIr_2mrszlFhPSaECwCHMYCw\/s1600\/%255BUNSET%255\"><img decoding=\"async\" src=\"https:\/\/lh3.googleusercontent.com\/-Igf7q55d-hs\/WxAOiAFGt_I\/AAAAAAAAhD0\/6lLsA1OmUdEs7ZvvIr_2mrszlFhPSaECwCHMYCw\/%255BUNSET%255D\" border=\"0\" data-original-width=\"\" data-original-height=\"\" \/><\/a><\/p>\n<p><a href=\"https:\/\/lh3.googleusercontent.com\/-SYJTXyGfUII\/WxAOlr2KfDI\/AAAAAAAAhD4\/bmINUhjiEvIfSfIjvCnwIwhztVLYd4lPACHMYCw\/s1600\/%255BUNSET%255\"><img decoding=\"async\" src=\"https:\/\/lh3.googleusercontent.com\/-SYJTXyGfUII\/WxAOlr2KfDI\/AAAAAAAAhD4\/bmINUhjiEvIfSfIjvCnwIwhztVLYd4lPACHMYCw\/%255BUNSET%255D\" border=\"0\" data-original-width=\"\" data-original-height=\"\" \/><\/a><\/p>\n","protected":false},"excerpt":{"rendered":"<p>Avui hem celebrat una assemblea de familiars en la que els alumnes han explicat tot el que han apr\u00e8s a les assemblees d&#8217;aula i en qu\u00e8 consisteix el Club dels Valents.<br \/>\nA m\u00e9s a m\u00e9s hem comptat amb la col\u00b7laboraci\u00f3 de la Susana Le\u00f3n, experta en&hellip;  <a href=\"https:\/\/agora.xtec.cat\/ceip-jruyra-l-h\/general\/assemblea-de-familiars\/\" title=\"Read Assemblea de familiars\">Llegeix m\u00e9s\u00bb<\/a><\/p>\n","protected":false},"author":3,"featured_media":0,"comment_status":"open","ping_status":"closed","sticky":false,"template":"","format":"standard","meta":{"_bbp_topic_count":0,"_bbp_reply_count":0,"_bbp_total_topic_count":0,"_bbp_total_reply_count":0,"_bbp_voice_count":0,"_bbp_anonymous_reply_count":0,"_bbp_topic_count_hidden":0,"_bbp_reply_count_hidden":0,"_bbp_forum_subforum_count":0,"footnotes":""},"categories":[1],"tags":[71,83,66,67],"class_list":["post-716","post","type-post","status-publish","format-standard","hentry","category-general","tag-actuacions-educatives-dexit","tag-comunitats-daprenentatge","tag-model-dialogic-de-prevencio-i-resolucio-de-conflictes","tag-participacio-educativa-de-la-comunitat"],"post_mailing_queue_ids":[],"_links":{"self":[{"href":"https:\/\/agora.xtec.cat\/ceip-jruyra-l-h\/wp-json\/wp\/v2\/posts\/716","targetHints":{"allow":["GET"]}}],"collection":[{"href":"https:\/\/agora.xtec.cat\/ceip-jruyra-l-h\/wp-json\/wp\/v2\/posts"}],"about":[{"href":"https:\/\/agora.xtec.cat\/ceip-jruyra-l-h\/wp-json\/wp\/v2\/types\/post"}],"author":[{"embeddable":true,"href":"https:\/\/agora.xtec.cat\/ceip-jruyra-l-h\/wp-json\/wp\/v2\/users\/3"}],"replies":[{"embeddable":true,"href":"https:\/\/agora.xtec.cat\/ceip-jruyra-l-h\/wp-json\/wp\/v2\/comments?post=716"}],"version-history":[{"count":1,"href":"https:\/\/agora.xtec.cat\/ceip-jruyra-l-h\/wp-json\/wp\/v2\/posts\/716\/revisions"}],"predecessor-version":[{"id":717,"href":"https:\/\/agora.xtec.cat\/ceip-jruyra-l-h\/wp-json\/wp\/v2\/posts\/716\/revisions\/717"}],"wp:attachment":[{"href":"https:\/\/agora.xtec.cat\/ceip-jruyra-l-h\/wp-json\/wp\/v2\/media?parent=716"}],"wp:term":[{"taxonomy":"category","embeddable":true,"href":"https:\/\/agora.xtec.cat\/ceip-jruyra-l-h\/wp-json\/wp\/v2\/categories?post=716"},{"taxonomy":"post_tag","embeddable":true,"href":"https:\/\/agora.xtec.cat\/ceip-jruyra-l-h\/wp-json\/wp\/v2\/tags?post=716"}],"curies":[{"name":"wp","href":"https:\/\/api.w.org\/{rel}","templated":true}]}}