{"id":714,"date":"2018-05-26T19:53:02","date_gmt":"2018-05-26T17:53:02","guid":{"rendered":"https:\/\/agora.xtec.cat\/ceip-jruyra-l-h\/?p=714"},"modified":"2021-11-20T08:44:51","modified_gmt":"2021-11-20T07:44:51","slug":"visita-al-ipi-sansomendi-vitoria","status":"publish","type":"post","link":"https:\/\/agora.xtec.cat\/ceip-jruyra-l-h\/general\/visita-al-ipi-sansomendi-vitoria\/","title":{"rendered":"Visita al IPI Sansomendi (Vit\u00f2ria)"},"content":{"rendered":"<p>Ahir vam visitar l&#8217;escola Sansomendi de Vit\u00f2ria. El motiu de la visita ha estat con\u00e8ixer la seva Comunitat d&#8217;Aprenentatge i la contextualitzaci\u00f3 de les Actuacions Educatives d\u2019Exit que porten a terme.<\/p>\n<p>Ha estat una jornada plena d&#8217;interaccions on hem gaudit de la seva implicaci\u00f3 envers l&#8217;educaci\u00f3 i la complicitat que genera el nostre projecte com\u00fa, les Comunitats d&#8217;Aprenentatge.<\/p>\n<p>Moltes gr\u00e0cies!!!!<\/p>\n<p><a href=\"https:\/\/lh3.googleusercontent.com\/-WWLwcr45Wv0\/Wwks4tpw7eI\/AAAAAAAAg2c\/UxivlII-g3wF2vnBV5F0NzbfW3ebvlx5wCHMYCw\/s1600\/%255BUNSET%255\"><img decoding=\"async\" src=\"https:\/\/lh3.googleusercontent.com\/-WWLwcr45Wv0\/Wwks4tpw7eI\/AAAAAAAAg2c\/UxivlII-g3wF2vnBV5F0NzbfW3ebvlx5wCHMYCw\/%255BUNSET%255D\" border=\"0\" data-original-width=\"\" data-original-height=\"\" \/><\/a><\/p>\n<p><a href=\"https:\/\/lh3.googleusercontent.com\/-9XdgVbZcCJs\/Wwks502OpSI\/AAAAAAAAg2g\/ePE8GzHYqCQ-J8FZeq0J07xfqC81fd1hgCHMYCw\/s1600\/%255BUNSET%255\"><img decoding=\"async\" src=\"https:\/\/lh3.googleusercontent.com\/-9XdgVbZcCJs\/Wwks502OpSI\/AAAAAAAAg2g\/ePE8GzHYqCQ-J8FZeq0J07xfqC81fd1hgCHMYCw\/%255BUNSET%255D\" border=\"0\" data-original-width=\"\" data-original-height=\"\" \/><\/a><\/p>\n<p>&nbsp;<\/p>\n","protected":false},"excerpt":{"rendered":"<p>Ahir vam visitar l&#8217;escola Sansomendi de Vit\u00f2ria. El motiu de la visita ha estat con\u00e8ixer la seva Comunitat d&#8217;Aprenentatge i la contextualitzaci\u00f3 de les Actuacions Educatives d\u2019Exit que porten a terme.<br \/>\nHa estat una jornada plena d&#8217;interaccions on hem gaudit de la seva implicaci\u00f3 envers l&#8217;educaci\u00f3&hellip;  <a href=\"https:\/\/agora.xtec.cat\/ceip-jruyra-l-h\/general\/visita-al-ipi-sansomendi-vitoria\/\" title=\"Read Visita al IPI Sansomendi (Vit\u00f2ria)\">Llegeix m\u00e9s\u00bb<\/a><\/p>\n","protected":false},"author":3,"featured_media":9907,"comment_status":"open","ping_status":"closed","sticky":false,"template":"","format":"standard","meta":{"_bbp_topic_count":0,"_bbp_reply_count":0,"_bbp_total_topic_count":0,"_bbp_total_reply_count":0,"_bbp_voice_count":0,"_bbp_anonymous_reply_count":0,"_bbp_topic_count_hidden":0,"_bbp_reply_count_hidden":0,"_bbp_forum_subforum_count":0,"footnotes":""},"categories":[60,1],"tags":[],"class_list":["post-714","post","type-post","status-publish","format-standard","has-post-thumbnail","hentry","category-cdaxarxa","category-general"],"post_mailing_queue_ids":[],"_links":{"self":[{"href":"https:\/\/agora.xtec.cat\/ceip-jruyra-l-h\/wp-json\/wp\/v2\/posts\/714","targetHints":{"allow":["GET"]}}],"collection":[{"href":"https:\/\/agora.xtec.cat\/ceip-jruyra-l-h\/wp-json\/wp\/v2\/posts"}],"about":[{"href":"https:\/\/agora.xtec.cat\/ceip-jruyra-l-h\/wp-json\/wp\/v2\/types\/post"}],"author":[{"embeddable":true,"href":"https:\/\/agora.xtec.cat\/ceip-jruyra-l-h\/wp-json\/wp\/v2\/users\/3"}],"replies":[{"embeddable":true,"href":"https:\/\/agora.xtec.cat\/ceip-jruyra-l-h\/wp-json\/wp\/v2\/comments?post=714"}],"version-history":[{"count":2,"href":"https:\/\/agora.xtec.cat\/ceip-jruyra-l-h\/wp-json\/wp\/v2\/posts\/714\/revisions"}],"predecessor-version":[{"id":779,"href":"https:\/\/agora.xtec.cat\/ceip-jruyra-l-h\/wp-json\/wp\/v2\/posts\/714\/revisions\/779"}],"wp:featuredmedia":[{"embeddable":true,"href":"https:\/\/agora.xtec.cat\/ceip-jruyra-l-h\/wp-json\/wp\/v2\/media\/9907"}],"wp:attachment":[{"href":"https:\/\/agora.xtec.cat\/ceip-jruyra-l-h\/wp-json\/wp\/v2\/media?parent=714"}],"wp:term":[{"taxonomy":"category","embeddable":true,"href":"https:\/\/agora.xtec.cat\/ceip-jruyra-l-h\/wp-json\/wp\/v2\/categories?post=714"},{"taxonomy":"post_tag","embeddable":true,"href":"https:\/\/agora.xtec.cat\/ceip-jruyra-l-h\/wp-json\/wp\/v2\/tags?post=714"}],"curies":[{"name":"wp","href":"https:\/\/api.w.org\/{rel}","templated":true}]}}