{"id":712,"date":"2018-05-24T19:52:19","date_gmt":"2018-05-24T17:52:19","guid":{"rendered":"https:\/\/agora.xtec.cat\/ceip-jruyra-l-h\/?p=712"},"modified":"2021-11-20T08:45:56","modified_gmt":"2021-11-20T07:45:56","slug":"tertulies-musicals-dialogiques","status":"publish","type":"post","link":"https:\/\/agora.xtec.cat\/ceip-jruyra-l-h\/general\/tertulies-musicals-dialogiques\/","title":{"rendered":"Tert\u00falies Musicals Dial\u00f2giques"},"content":{"rendered":"<p style=\"text-align: justify;\">A l&#8217;Escola Joaquim Ruyra hem iniciat les Tert\u00falies Musicals Dial\u00f2giques. La primera sessi\u00f3 amb els grups de 4rt ha estat tot un \u00e8xit!!!<\/p>\n<p style=\"text-align: justify;\">Avui hem compartit un fragment de l&#8217;Opera &#8220;La ventafocs&#8221; de Gioachino Rossini.<\/p>\n<p><a href=\"https:\/\/lh3.googleusercontent.com\/-Kky6LpKB9qg\/WwbMka-pYZI\/AAAAAAAAgzo\/FGizCLjgGOgguP5t18DIuADTNM4CTKE7wCHMYCw\/s1600\/%255BUNSET%255\"><img decoding=\"async\" src=\"https:\/\/lh3.googleusercontent.com\/-Kky6LpKB9qg\/WwbMka-pYZI\/AAAAAAAAgzo\/FGizCLjgGOgguP5t18DIuADTNM4CTKE7wCHMYCw\/%255BUNSET%255D\" border=\"0\" data-original-width=\"\" data-original-height=\"\" \/><\/a><\/p>\n<p><a href=\"https:\/\/lh3.googleusercontent.com\/-I0fDnrgoCkY\/WwbM2FluJII\/AAAAAAAAgzw\/x8mMHUZXZvk19IGWoVjgWkgd3PD11Le7QCHMYCw\/s1600\/%255BUNSET%255\"><img decoding=\"async\" src=\"https:\/\/lh3.googleusercontent.com\/-I0fDnrgoCkY\/WwbM2FluJII\/AAAAAAAAgzw\/x8mMHUZXZvk19IGWoVjgWkgd3PD11Le7QCHMYCw\/%255BUNSET%255D\" border=\"0\" data-original-width=\"\" data-original-height=\"\" \/><\/a><\/p>\n","protected":false},"excerpt":{"rendered":"<p>A l&#8217;Escola Joaquim Ruyra hem iniciat les Tert\u00falies Musicals Dial\u00f2giques. La primera sessi\u00f3 amb els grups de 4rt ha estat tot un \u00e8xit!!!<br \/>\nAvui hem compartit un fragment de l&#8217;Opera &#8220;La ventafocs&#8221; de Gioachino Rossini.<br \/>\n<a href=\"https:\/\/lh3.googleusercontent.com\/-Kky6LpKB9qg\/WwbMka-pYZI\/AAAAAAAAgzo\/FGizCLjgGOgguP5t18DIuADTNM4CTKE7wCHMYCw\/s1600\/%255BUNSET%255\"><\/a><br \/>\n<a href=\"https:\/\/lh3.googleusercontent.com\/-I0fDnrgoCkY\/WwbM2FluJII\/AAAAAAAAgzw\/x8mMHUZXZvk19IGWoVjgWkgd3PD11Le7QCHMYCw\/s1600\/%255BUNSET%255\"><\/a><\/p>\n","protected":false},"author":3,"featured_media":9909,"comment_status":"open","ping_status":"closed","sticky":false,"template":"","format":"standard","meta":{"_bbp_topic_count":0,"_bbp_reply_count":0,"_bbp_total_topic_count":0,"_bbp_total_reply_count":0,"_bbp_voice_count":0,"_bbp_anonymous_reply_count":0,"_bbp_topic_count_hidden":0,"_bbp_reply_count_hidden":0,"_bbp_forum_subforum_count":0,"footnotes":""},"categories":[60,1],"tags":[71,83,63],"class_list":["post-712","post","type-post","status-publish","format-standard","has-post-thumbnail","hentry","category-cdaxarxa","category-general","tag-actuacions-educatives-dexit","tag-comunitats-daprenentatge","tag-tertulies-dialogiques"],"post_mailing_queue_ids":[],"_links":{"self":[{"href":"https:\/\/agora.xtec.cat\/ceip-jruyra-l-h\/wp-json\/wp\/v2\/posts\/712","targetHints":{"allow":["GET"]}}],"collection":[{"href":"https:\/\/agora.xtec.cat\/ceip-jruyra-l-h\/wp-json\/wp\/v2\/posts"}],"about":[{"href":"https:\/\/agora.xtec.cat\/ceip-jruyra-l-h\/wp-json\/wp\/v2\/types\/post"}],"author":[{"embeddable":true,"href":"https:\/\/agora.xtec.cat\/ceip-jruyra-l-h\/wp-json\/wp\/v2\/users\/3"}],"replies":[{"embeddable":true,"href":"https:\/\/agora.xtec.cat\/ceip-jruyra-l-h\/wp-json\/wp\/v2\/comments?post=712"}],"version-history":[{"count":1,"href":"https:\/\/agora.xtec.cat\/ceip-jruyra-l-h\/wp-json\/wp\/v2\/posts\/712\/revisions"}],"predecessor-version":[{"id":713,"href":"https:\/\/agora.xtec.cat\/ceip-jruyra-l-h\/wp-json\/wp\/v2\/posts\/712\/revisions\/713"}],"wp:featuredmedia":[{"embeddable":true,"href":"https:\/\/agora.xtec.cat\/ceip-jruyra-l-h\/wp-json\/wp\/v2\/media\/9909"}],"wp:attachment":[{"href":"https:\/\/agora.xtec.cat\/ceip-jruyra-l-h\/wp-json\/wp\/v2\/media?parent=712"}],"wp:term":[{"taxonomy":"category","embeddable":true,"href":"https:\/\/agora.xtec.cat\/ceip-jruyra-l-h\/wp-json\/wp\/v2\/categories?post=712"},{"taxonomy":"post_tag","embeddable":true,"href":"https:\/\/agora.xtec.cat\/ceip-jruyra-l-h\/wp-json\/wp\/v2\/tags?post=712"}],"curies":[{"name":"wp","href":"https:\/\/api.w.org\/{rel}","templated":true}]}}