{"id":708,"date":"2018-04-27T19:50:56","date_gmt":"2018-04-27T17:50:56","guid":{"rendered":"https:\/\/agora.xtec.cat\/ceip-jruyra-l-h\/?p=708"},"modified":"2019-11-23T19:51:16","modified_gmt":"2019-11-23T18:51:16","slug":"visita-del-regidor-deducacio-de-medellin","status":"publish","type":"post","link":"https:\/\/agora.xtec.cat\/ceip-jruyra-l-h\/general\/visita-del-regidor-deducacio-de-medellin\/","title":{"rendered":"Visita del Regidor d&#8217;Educaci\u00f3 de Medell\u00edn"},"content":{"rendered":"<p><span style=\"background-color: #ffffff; color: #1f497d; font-family: 'helvetica neue' , 'helvetica' , 'arial' , sans-serif; font-size: 14px;\">Avui ens ha visitat el regidor d\u2019Educaci\u00f3 de Medell\u00edn (Col\u00f2mbia), el senyor Guillermo Pati\u00f1o.<\/span><br \/>\n<span style=\"background-color: #ffffff; color: #1f497d; font-family: 'helvetica neue' , 'helvetica' , 'arial' , sans-serif; font-size: 14px;\"><br \/>\n<\/span> <a href=\"https:\/\/lh3.googleusercontent.com\/-8ZsTMuuOe-s\/WuMgosuk1GI\/AAAAAAAAfq0\/lcMz_Eb_9ckp3r_1Vq-T1vPD5yvqVbB9gCHMYCw\/s1600\/%255BUNSET%255\"><img decoding=\"async\" src=\"https:\/\/lh3.googleusercontent.com\/-8ZsTMuuOe-s\/WuMgosuk1GI\/AAAAAAAAfq0\/lcMz_Eb_9ckp3r_1Vq-T1vPD5yvqVbB9gCHMYCw\/%255BUNSET%255D\" border=\"0\" data-original-height=\"\" data-original-width=\"\" \/><\/a><\/p>\n","protected":false},"excerpt":{"rendered":"<p>Avui ens ha visitat el regidor d\u2019Educaci\u00f3 de Medell\u00edn (Col\u00f2mbia), el senyor Guillermo Pati\u00f1o.<\/p>\n<p> <a href=\"https:\/\/lh3.googleusercontent.com\/-8ZsTMuuOe-s\/WuMgosuk1GI\/AAAAAAAAfq0\/lcMz_Eb_9ckp3r_1Vq-T1vPD5yvqVbB9gCHMYCw\/s1600\/%255BUNSET%255\"><\/a><\/p>\n","protected":false},"author":3,"featured_media":0,"comment_status":"open","ping_status":"closed","sticky":false,"template":"","format":"standard","meta":{"_bbp_topic_count":0,"_bbp_reply_count":0,"_bbp_total_topic_count":0,"_bbp_total_reply_count":0,"_bbp_voice_count":0,"_bbp_anonymous_reply_count":0,"_bbp_topic_count_hidden":0,"_bbp_reply_count_hidden":0,"_bbp_forum_subforum_count":0,"footnotes":""},"categories":[1],"tags":[],"class_list":["post-708","post","type-post","status-publish","format-standard","hentry","category-general"],"post_mailing_queue_ids":[],"_links":{"self":[{"href":"https:\/\/agora.xtec.cat\/ceip-jruyra-l-h\/wp-json\/wp\/v2\/posts\/708","targetHints":{"allow":["GET"]}}],"collection":[{"href":"https:\/\/agora.xtec.cat\/ceip-jruyra-l-h\/wp-json\/wp\/v2\/posts"}],"about":[{"href":"https:\/\/agora.xtec.cat\/ceip-jruyra-l-h\/wp-json\/wp\/v2\/types\/post"}],"author":[{"embeddable":true,"href":"https:\/\/agora.xtec.cat\/ceip-jruyra-l-h\/wp-json\/wp\/v2\/users\/3"}],"replies":[{"embeddable":true,"href":"https:\/\/agora.xtec.cat\/ceip-jruyra-l-h\/wp-json\/wp\/v2\/comments?post=708"}],"version-history":[{"count":1,"href":"https:\/\/agora.xtec.cat\/ceip-jruyra-l-h\/wp-json\/wp\/v2\/posts\/708\/revisions"}],"predecessor-version":[{"id":709,"href":"https:\/\/agora.xtec.cat\/ceip-jruyra-l-h\/wp-json\/wp\/v2\/posts\/708\/revisions\/709"}],"wp:attachment":[{"href":"https:\/\/agora.xtec.cat\/ceip-jruyra-l-h\/wp-json\/wp\/v2\/media?parent=708"}],"wp:term":[{"taxonomy":"category","embeddable":true,"href":"https:\/\/agora.xtec.cat\/ceip-jruyra-l-h\/wp-json\/wp\/v2\/categories?post=708"},{"taxonomy":"post_tag","embeddable":true,"href":"https:\/\/agora.xtec.cat\/ceip-jruyra-l-h\/wp-json\/wp\/v2\/tags?post=708"}],"curies":[{"name":"wp","href":"https:\/\/api.w.org\/{rel}","templated":true}]}}