{"id":6924,"date":"2021-03-01T21:01:09","date_gmt":"2021-03-01T20:01:09","guid":{"rendered":"https:\/\/agora.xtec.cat\/ceip-jruyra-l-h\/?p=6924"},"modified":"2021-03-02T11:15:09","modified_gmt":"2021-03-02T10:15:09","slug":"curs-de-competencia-digital-basica-a-infantil","status":"publish","type":"post","link":"https:\/\/agora.xtec.cat\/ceip-jruyra-l-h\/infantil\/curs-de-competencia-digital-basica-a-infantil\/","title":{"rendered":"Curs de compet\u00e8ncia digital b\u00e0sica a Infantil"},"content":{"rendered":"<p>Hola fam\u00edlies,<\/p>\n<p>Avui, dilluns 1 de mar\u00e7, hem comen\u00e7at el curset per fam\u00edlies de compet\u00e8ncia digital b\u00e0sica d\u2019infantil.<\/p>\n<p>L\u2019Alejandro, el nostre formador, ens ha mostrat alguns dels programes i aplicacions que fem servir a l\u2019escola aix\u00ed com aspectes de la p\u00e0gina web que potser alguns de vosaltres encara no coneixeu. Totes aquestes eines permeten una comunicaci\u00f3 m\u00e9s fluida fam\u00edlia-escola i escola-fam\u00edlia. Amb aquest curset podem aprofundir m\u00e9s en tots aquests programes i recursos comentats i resoldre els dubtes que podeu tenir.<\/p>\n<p>Ha estat una gran experi\u00e8ncia i us esperem a tots per poder compartir amb vosaltres dubtes i la manera de resoldre\u2019s.<\/p>\n<p>Moltes gr\u00e0cies a totes les fam\u00edlies que heu vingut i a les que us heu apuntat.<\/p>\n<p>Ja sabeu que encara teniu temps per fer-ho, nom\u00e9s cal comunicar-ho al tutor\/a i sempre tindreu a algun de nosaltres al curs per acompanyar-vos.<\/p>\n<p><a href=\"https:\/\/agora.xtec.cat\/ceip-jruyra-l-h\/wp-content\/uploads\/usu2049\/2021\/03\/IMG_20210301_165004.jpg\"><img loading=\"lazy\" decoding=\"async\" class=\"alignnone size-full wp-image-6925\" src=\"https:\/\/agora.xtec.cat\/ceip-jruyra-l-h\/wp-content\/uploads\/usu2049\/2021\/03\/IMG_20210301_165004.jpg\" alt=\"\" width=\"1000\" height=\"750\" srcset=\"https:\/\/agora.xtec.cat\/ceip-jruyra-l-h\/wp-content\/uploads\/usu2049\/2021\/03\/IMG_20210301_165004.jpg 1000w, https:\/\/agora.xtec.cat\/ceip-jruyra-l-h\/wp-content\/uploads\/usu2049\/2021\/03\/IMG_20210301_165004-300x225.jpg 300w, https:\/\/agora.xtec.cat\/ceip-jruyra-l-h\/wp-content\/uploads\/usu2049\/2021\/03\/IMG_20210301_165004-768x576.jpg 768w, https:\/\/agora.xtec.cat\/ceip-jruyra-l-h\/wp-content\/uploads\/usu2049\/2021\/03\/IMG_20210301_165004-200x150.jpg 200w\" sizes=\"auto, (max-width: 1000px) 100vw, 1000px\" \/><\/a><\/p>\n","protected":false},"excerpt":{"rendered":"<p>Hola fam\u00edlies,<br \/>\nAvui, dilluns 1 de mar\u00e7, hem comen\u00e7at el curset per fam\u00edlies de compet\u00e8ncia digital b\u00e0sica d\u2019infantil.<br \/>\nL\u2019Alejandro, el nostre formador, ens ha mostrat alguns dels programes i aplicacions que fem servir a l\u2019escola aix\u00ed com aspectes de la p\u00e0gina web que potser alguns de vosaltres&hellip;  <a href=\"https:\/\/agora.xtec.cat\/ceip-jruyra-l-h\/infantil\/curs-de-competencia-digital-basica-a-infantil\/\" title=\"Read Curs de compet\u00e8ncia digital b\u00e0sica a Infantil\">Llegeix m\u00e9s\u00bb<\/a><\/p>\n","protected":false},"author":19,"featured_media":6925,"comment_status":"open","ping_status":"closed","sticky":false,"template":"","format":"standard","meta":{"_bbp_topic_count":0,"_bbp_reply_count":0,"_bbp_total_topic_count":0,"_bbp_total_reply_count":0,"_bbp_voice_count":0,"_bbp_anonymous_reply_count":0,"_bbp_topic_count_hidden":0,"_bbp_reply_count_hidden":0,"_bbp_forum_subforum_count":0,"footnotes":""},"categories":[60,2],"tags":[71,83,65],"class_list":["post-6924","post","type-post","status-publish","format-standard","has-post-thumbnail","hentry","category-cdaxarxa","category-infantil","tag-actuacions-educatives-dexit","tag-comunitats-daprenentatge","tag-formacio-de-familiars"],"post_mailing_queue_ids":[],"_links":{"self":[{"href":"https:\/\/agora.xtec.cat\/ceip-jruyra-l-h\/wp-json\/wp\/v2\/posts\/6924","targetHints":{"allow":["GET"]}}],"collection":[{"href":"https:\/\/agora.xtec.cat\/ceip-jruyra-l-h\/wp-json\/wp\/v2\/posts"}],"about":[{"href":"https:\/\/agora.xtec.cat\/ceip-jruyra-l-h\/wp-json\/wp\/v2\/types\/post"}],"author":[{"embeddable":true,"href":"https:\/\/agora.xtec.cat\/ceip-jruyra-l-h\/wp-json\/wp\/v2\/users\/19"}],"replies":[{"embeddable":true,"href":"https:\/\/agora.xtec.cat\/ceip-jruyra-l-h\/wp-json\/wp\/v2\/comments?post=6924"}],"version-history":[{"count":1,"href":"https:\/\/agora.xtec.cat\/ceip-jruyra-l-h\/wp-json\/wp\/v2\/posts\/6924\/revisions"}],"predecessor-version":[{"id":6926,"href":"https:\/\/agora.xtec.cat\/ceip-jruyra-l-h\/wp-json\/wp\/v2\/posts\/6924\/revisions\/6926"}],"wp:featuredmedia":[{"embeddable":true,"href":"https:\/\/agora.xtec.cat\/ceip-jruyra-l-h\/wp-json\/wp\/v2\/media\/6925"}],"wp:attachment":[{"href":"https:\/\/agora.xtec.cat\/ceip-jruyra-l-h\/wp-json\/wp\/v2\/media?parent=6924"}],"wp:term":[{"taxonomy":"category","embeddable":true,"href":"https:\/\/agora.xtec.cat\/ceip-jruyra-l-h\/wp-json\/wp\/v2\/categories?post=6924"},{"taxonomy":"post_tag","embeddable":true,"href":"https:\/\/agora.xtec.cat\/ceip-jruyra-l-h\/wp-json\/wp\/v2\/tags?post=6924"}],"curies":[{"name":"wp","href":"https:\/\/api.w.org\/{rel}","templated":true}]}}