{"id":657,"date":"2017-05-30T19:37:09","date_gmt":"2017-05-30T17:37:09","guid":{"rendered":"https:\/\/agora.xtec.cat\/ceip-jruyra-l-h\/?p=657"},"modified":"2020-01-13T09:49:12","modified_gmt":"2020-01-13T08:49:12","slug":"resum-acte-dentrega-premi-ensenyament-cercle-deconomia","status":"publish","type":"post","link":"https:\/\/agora.xtec.cat\/ceip-jruyra-l-h\/general\/resum-acte-dentrega-premi-ensenyament-cercle-deconomia\/","title":{"rendered":"Resum Acte d&#8217;Entrega Premi Ensenyament Cercle d&#8217;Economia"},"content":{"rendered":"<p><iframe loading=\"lazy\" src=\"https:\/\/www.youtube.com\/embed\/HH3j7No5sE0\" width=\"560\" height=\"315\" frameborder=\"0\" allowfullscreen=\"allowfullscreen\"><\/iframe><\/p>\n<p>La <a href=\"http:\/\/lhdigital.cat\/web\/digital-h\/veure-multimedia?video=http:\/\/lhdigital.cat\/videos_2017\/noticies\/PREMIESCOLAJRUYRA.mp4&amp;titol=L%27Escola%20Joaquim%20Ruyra%20obt%C3%A9%20el%20Premi%20Ensenyament%202017\" target=\"_blank\" rel=\"noopener noreferrer\">Televisi\u00f3 de l&#8217;Hospitalet<\/a> va ser-hi a l&#8217;Acte de Lliurament del Premi Ensenyament del Cercle d&#8217;Economia. Aquest v\u00eddeo \u00e9s un resum d&#8217;una nit m\u00e0gica per la nostra comunitat educativa.<\/p>\n","protected":false},"excerpt":{"rendered":"<p>La <a href=\"http:\/\/lhdigital.cat\/web\/digital-h\/veure-multimedia?video=http:\/\/lhdigital.cat\/videos_2017\/noticies\/PREMIESCOLAJRUYRA.mp4&amp;titol=L%27Escola%20Joaquim%20Ruyra%20obt%C3%A9%20el%20Premi%20Ensenyament%202017\" target=\"_blank\" rel=\"noopener noreferrer\">Televisi\u00f3 de l&#8217;Hospitalet<\/a> va ser-hi a l&#8217;Acte de Lliurament del Premi Ensenyament del Cercle d&#8217;Economia. Aquest v\u00eddeo \u00e9s un resum d&#8217;una nit m\u00e0gica per la nostra comunitat educativa.<\/p>\n","protected":false},"author":3,"featured_media":658,"comment_status":"open","ping_status":"closed","sticky":false,"template":"","format":"standard","meta":{"_bbp_topic_count":0,"_bbp_reply_count":0,"_bbp_total_topic_count":0,"_bbp_total_reply_count":0,"_bbp_voice_count":0,"_bbp_anonymous_reply_count":0,"_bbp_topic_count_hidden":0,"_bbp_reply_count_hidden":0,"_bbp_forum_subforum_count":0,"footnotes":""},"categories":[60,1],"tags":[71],"class_list":["post-657","post","type-post","status-publish","format-standard","has-post-thumbnail","hentry","category-cdaxarxa","category-general","tag-actuacions-educatives-dexit"],"post_mailing_queue_ids":[],"_links":{"self":[{"href":"https:\/\/agora.xtec.cat\/ceip-jruyra-l-h\/wp-json\/wp\/v2\/posts\/657","targetHints":{"allow":["GET"]}}],"collection":[{"href":"https:\/\/agora.xtec.cat\/ceip-jruyra-l-h\/wp-json\/wp\/v2\/posts"}],"about":[{"href":"https:\/\/agora.xtec.cat\/ceip-jruyra-l-h\/wp-json\/wp\/v2\/types\/post"}],"author":[{"embeddable":true,"href":"https:\/\/agora.xtec.cat\/ceip-jruyra-l-h\/wp-json\/wp\/v2\/users\/3"}],"replies":[{"embeddable":true,"href":"https:\/\/agora.xtec.cat\/ceip-jruyra-l-h\/wp-json\/wp\/v2\/comments?post=657"}],"version-history":[{"count":1,"href":"https:\/\/agora.xtec.cat\/ceip-jruyra-l-h\/wp-json\/wp\/v2\/posts\/657\/revisions"}],"predecessor-version":[{"id":659,"href":"https:\/\/agora.xtec.cat\/ceip-jruyra-l-h\/wp-json\/wp\/v2\/posts\/657\/revisions\/659"}],"wp:featuredmedia":[{"embeddable":true,"href":"https:\/\/agora.xtec.cat\/ceip-jruyra-l-h\/wp-json\/wp\/v2\/media\/658"}],"wp:attachment":[{"href":"https:\/\/agora.xtec.cat\/ceip-jruyra-l-h\/wp-json\/wp\/v2\/media?parent=657"}],"wp:term":[{"taxonomy":"category","embeddable":true,"href":"https:\/\/agora.xtec.cat\/ceip-jruyra-l-h\/wp-json\/wp\/v2\/categories?post=657"},{"taxonomy":"post_tag","embeddable":true,"href":"https:\/\/agora.xtec.cat\/ceip-jruyra-l-h\/wp-json\/wp\/v2\/tags?post=657"}],"curies":[{"name":"wp","href":"https:\/\/api.w.org\/{rel}","templated":true}]}}