{"id":6440,"date":"2021-02-10T18:16:17","date_gmt":"2021-02-10T17:16:17","guid":{"rendered":"https:\/\/agora.xtec.cat\/ceip-jruyra-l-h\/?p=6440"},"modified":"2021-02-10T18:16:17","modified_gmt":"2021-02-10T17:16:17","slug":"formacio-de-familiars-3","status":"publish","type":"post","link":"https:\/\/agora.xtec.cat\/ceip-jruyra-l-h\/cdaxarxa\/formacio-de-familiars-3\/","title":{"rendered":"Formaci\u00f3 de Familiars"},"content":{"rendered":"<p style=\"text-align: left;\">Avui ha estat la primera sessi\u00f3 de formaci\u00f3 de inform\u00e0tica per a fam\u00edlies. Recordeu que \u00e9s molt important que totes les fam\u00edlies assistiu a aquesta formaci\u00f3 per resoldre dubtes sobre les aplicacions que fem servir tant amb els vostres fills i filles com per comunicar-nos amb vosaltres (Google Classroom, Drive, Telegram, Google Meet, etc&#8230;).<\/p>\n<p style=\"text-align: left;\">Farem sessions tots els dilluns, els dimecres i els dijous. Els tutors us aniran convidant a les sessions en grups de 6 familiars per cada sessi\u00f3.<\/p>\n<p><img loading=\"lazy\" decoding=\"async\" class=\"alignnone size-large wp-image-6441\" src=\"https:\/\/agora.xtec.cat\/ceip-jruyra-l-h\/wp-content\/uploads\/usu2049\/2021\/02\/IMG-20210210-WA0011-1024x576.jpeg\" alt=\"\" width=\"1024\" height=\"576\" srcset=\"https:\/\/agora.xtec.cat\/ceip-jruyra-l-h\/wp-content\/uploads\/usu2049\/2021\/02\/IMG-20210210-WA0011-1024x576.jpeg 1024w, https:\/\/agora.xtec.cat\/ceip-jruyra-l-h\/wp-content\/uploads\/usu2049\/2021\/02\/IMG-20210210-WA0011-300x169.jpeg 300w, https:\/\/agora.xtec.cat\/ceip-jruyra-l-h\/wp-content\/uploads\/usu2049\/2021\/02\/IMG-20210210-WA0011-768x432.jpeg 768w\" sizes=\"auto, (max-width: 1024px) 100vw, 1024px\" \/><\/p>\n","protected":false},"excerpt":{"rendered":"<p>Avui ha estat la primera sessi\u00f3 de formaci\u00f3 de inform\u00e0tica per a fam\u00edlies. Recordeu que \u00e9s molt important que totes les fam\u00edlies assistiu a aquesta formaci\u00f3 per resoldre dubtes sobre les aplicacions que fem servir tant amb els vostres fills i filles com per comunicar-nos&hellip;  <a href=\"https:\/\/agora.xtec.cat\/ceip-jruyra-l-h\/cdaxarxa\/formacio-de-familiars-3\/\" title=\"Read Formaci\u00f3 de Familiars\">Llegeix m\u00e9s\u00bb<\/a><\/p>\n","protected":false},"author":3,"featured_media":6441,"comment_status":"open","ping_status":"closed","sticky":false,"template":"","format":"standard","meta":{"_bbp_topic_count":0,"_bbp_reply_count":0,"_bbp_total_topic_count":0,"_bbp_total_reply_count":0,"_bbp_voice_count":0,"_bbp_anonymous_reply_count":0,"_bbp_topic_count_hidden":0,"_bbp_reply_count_hidden":0,"_bbp_forum_subforum_count":0,"footnotes":""},"categories":[60],"tags":[71,83,65],"class_list":["post-6440","post","type-post","status-publish","format-standard","has-post-thumbnail","hentry","category-cdaxarxa","tag-actuacions-educatives-dexit","tag-comunitats-daprenentatge","tag-formacio-de-familiars"],"post_mailing_queue_ids":[],"_links":{"self":[{"href":"https:\/\/agora.xtec.cat\/ceip-jruyra-l-h\/wp-json\/wp\/v2\/posts\/6440","targetHints":{"allow":["GET"]}}],"collection":[{"href":"https:\/\/agora.xtec.cat\/ceip-jruyra-l-h\/wp-json\/wp\/v2\/posts"}],"about":[{"href":"https:\/\/agora.xtec.cat\/ceip-jruyra-l-h\/wp-json\/wp\/v2\/types\/post"}],"author":[{"embeddable":true,"href":"https:\/\/agora.xtec.cat\/ceip-jruyra-l-h\/wp-json\/wp\/v2\/users\/3"}],"replies":[{"embeddable":true,"href":"https:\/\/agora.xtec.cat\/ceip-jruyra-l-h\/wp-json\/wp\/v2\/comments?post=6440"}],"version-history":[{"count":1,"href":"https:\/\/agora.xtec.cat\/ceip-jruyra-l-h\/wp-json\/wp\/v2\/posts\/6440\/revisions"}],"predecessor-version":[{"id":6442,"href":"https:\/\/agora.xtec.cat\/ceip-jruyra-l-h\/wp-json\/wp\/v2\/posts\/6440\/revisions\/6442"}],"wp:featuredmedia":[{"embeddable":true,"href":"https:\/\/agora.xtec.cat\/ceip-jruyra-l-h\/wp-json\/wp\/v2\/media\/6441"}],"wp:attachment":[{"href":"https:\/\/agora.xtec.cat\/ceip-jruyra-l-h\/wp-json\/wp\/v2\/media?parent=6440"}],"wp:term":[{"taxonomy":"category","embeddable":true,"href":"https:\/\/agora.xtec.cat\/ceip-jruyra-l-h\/wp-json\/wp\/v2\/categories?post=6440"},{"taxonomy":"post_tag","embeddable":true,"href":"https:\/\/agora.xtec.cat\/ceip-jruyra-l-h\/wp-json\/wp\/v2\/tags?post=6440"}],"curies":[{"name":"wp","href":"https:\/\/api.w.org\/{rel}","templated":true}]}}