{"id":6292,"date":"2022-03-10T09:49:17","date_gmt":"2022-03-10T08:49:17","guid":{"rendered":"https:\/\/agora.xtec.cat\/ceip-jruyra-l-h\/?p=6292"},"modified":"2025-02-16T12:25:31","modified_gmt":"2025-02-16T11:25:31","slug":"informacio-preinscripcio-algunes-raons-per-triar-lescola-joaquim-ruyra","status":"publish","type":"post","link":"https:\/\/agora.xtec.cat\/ceip-jruyra-l-h\/general\/informacio-preinscripcio-algunes-raons-per-triar-lescola-joaquim-ruyra\/","title":{"rendered":"Informaci\u00f3 Preinscripci\u00f3: Algunes raons per triar l&#8217;Escola Joaquim Ruyra"},"content":{"rendered":"<h2><img loading=\"lazy\" decoding=\"async\" class=\"wp-image-11123 alignright\" src=\"https:\/\/agora.xtec.cat\/ceip-jruyra-l-h\/wp-content\/uploads\/usu2049\/2022\/02\/logo-blanco-borde-transparente-1.png\" alt=\"\" width=\"126\" height=\"117\" srcset=\"https:\/\/agora.xtec.cat\/ceip-jruyra-l-h\/wp-content\/uploads\/usu2049\/2022\/02\/logo-blanco-borde-transparente-1.png 556w, https:\/\/agora.xtec.cat\/ceip-jruyra-l-h\/wp-content\/uploads\/usu2049\/2022\/02\/logo-blanco-borde-transparente-1-300x281.png 300w\" sizes=\"auto, (max-width: 126px) 100vw, 126px\" \/><\/h2>\n<h2><strong><u>Algunes raons per triar L&#8217;ESCOLA <\/u><\/strong><strong><u>JOAQUIM RUYRA<\/u><\/strong><\/h2>\n<p>&nbsp;<\/p>\n<ol>\n<li>Som l\u2019\u00fanica <strong>COMUNITAT D\u2019APRENENTATGE<\/strong> a L\u2019Hospitalet de Llobregat.<\/li>\n<\/ol>\n<ol start=\"2\">\n<li>Valorem i potenciem la participaci\u00f3 de les <strong>FAM\u00cdLIES<\/strong> dins l\u2019escola.<\/li>\n<\/ol>\n<ol start=\"3\">\n<li>Treballem en <strong>GRUPS INTERACTIUS<\/strong>, on trobarem un adult de refer\u00e8ncia per a cada grup de quatre o cinc alumnes. Aquest adult pot ser un familiar que col\u00b7labora dins la classe amb el mestre.<\/li>\n<\/ol>\n<ol start=\"4\">\n<li>Llegim llibres de la literatura <strong>DELS CL\u00c0SSICS UNIVERSALS<\/strong> (El Quijote, L\u2019Odissea, L\u2019Eneida, Platero y yo, Romeo i Julieta, &#8230;).<\/li>\n<\/ol>\n<ol start=\"5\">\n<li>Participem en <strong>PROJECTES D\u2019INNOVACI\u00d3 EDUCATIVA<\/strong> (convocats pel Departament d\u2019Ensenyament\/Ajuntament) amb l\u2019objectiu de millorar l\u2019ensenyament i l\u2019aprenentatge dels\/les alumnes.\u00a0 Tenim autoritzats:<\/li>\n<\/ol>\n<ul>\n<li>Projecte de lleng\u00fces estrangeres<\/li>\n<li>Projecte de noves tecnologies<\/li>\n<li>Projecte de biblioteca<\/li>\n<li>Revista escolar<\/li>\n<li>Participem en el Pla Educatiu d\u2019Entorn 0-20<\/li>\n<\/ul>\n<ol start=\"6\">\n<li>Tenim integrades les <strong>NOVES TECNOLOGIES<\/strong> dins la pr\u00e0ctica di\u00e0ria de les aules (<strong>PISSARRES DIGITALS INTERACTIVES<\/strong> a totes les aules; disposem d\u2019una aula d\u2019inform\u00e0tica, r\u00e0dio escolar, una dotaci\u00f3 de Tablets IPAD i Android, Chromebooks, Netbooks i fem rob\u00f2tica educativa).<\/li>\n<\/ol>\n<ol start=\"7\">\n<li>Oferim serveis com (acollida matinal, menjador, activitats extraescolars, recollida despr\u00e9s de l&#8217;horari lectiu, etc&#8230;).<\/li>\n<\/ol>\n<ol start=\"8\">\n<li><strong>BIBLIOTECA TUTORITZADA<\/strong>. Oferim als alumnes la possibilitat de fer servir la biblioteca de l\u2019escola en horari extraescolar.<\/li>\n<\/ol>\n<p>Si voleu con\u00e8ixer m\u00e9s detalls sobre el nostre Projecte Educatiu, les estrat\u00e8gies organitzatives que fem servir, la relaci\u00f3 amb les fam\u00edlies, els serveis que oferim, els equipaments que t\u00e9 l&#8217;escola i les activitats que ofereix l&#8217;AMPA, feu <a href=\"https:\/\/drive.google.com\/drive\/folders\/12X9xnSw-AABAMcDiN1YFmkorFp_-4Xwf?usp=sharing\" target=\"_blank\" rel=\"noopener noreferrer\">click aqu\u00ed\u00a0<img loading=\"lazy\" decoding=\"async\" class=\"\" src=\"https:\/\/agora.xtec.cat\/ceipvictorcatala\/wp-content\/uploads\/usu1671\/2020\/05\/aqui%CC%81-2.png\" width=\"28\" height=\"28\" \/><\/a><\/p>\n<p>&nbsp;<\/p>\n<p>&nbsp;<\/p>\n","protected":false},"excerpt":{"rendered":"<p>Si voleu con\u00e8ixer m\u00e9s detalls sobre el nostre Projecte Educatiu, les estrat\u00e8gies organitzatives que fem servir, la relaci\u00f3 amb les fam\u00edlies, els serveis que oferim, els equipaments que t\u00e9 l&#8217;escola i les activitats que ofereix l&#8217;AMPA, feu click aqu\u00ed&hellip;  <a href=\"https:\/\/agora.xtec.cat\/ceip-jruyra-l-h\/general\/informacio-preinscripcio-algunes-raons-per-triar-lescola-joaquim-ruyra\/\" title=\"Read Informaci\u00f3 Preinscripci\u00f3: Algunes raons per triar l&#8217;Escola Joaquim Ruyra\">Llegeix m\u00e9s\u00bb<\/a><\/p>\n","protected":false},"author":3,"featured_media":6298,"comment_status":"open","ping_status":"closed","sticky":false,"template":"","format":"standard","meta":{"_bbp_topic_count":0,"_bbp_reply_count":0,"_bbp_total_topic_count":0,"_bbp_total_reply_count":0,"_bbp_voice_count":0,"_bbp_anonymous_reply_count":0,"_bbp_topic_count_hidden":0,"_bbp_reply_count_hidden":0,"_bbp_forum_subforum_count":0,"footnotes":""},"categories":[60,1,4],"tags":[],"class_list":["post-6292","post","type-post","status-publish","format-standard","has-post-thumbnail","hentry","category-cdaxarxa","category-general","category-portada"],"post_mailing_queue_ids":[],"_links":{"self":[{"href":"https:\/\/agora.xtec.cat\/ceip-jruyra-l-h\/wp-json\/wp\/v2\/posts\/6292","targetHints":{"allow":["GET"]}}],"collection":[{"href":"https:\/\/agora.xtec.cat\/ceip-jruyra-l-h\/wp-json\/wp\/v2\/posts"}],"about":[{"href":"https:\/\/agora.xtec.cat\/ceip-jruyra-l-h\/wp-json\/wp\/v2\/types\/post"}],"author":[{"embeddable":true,"href":"https:\/\/agora.xtec.cat\/ceip-jruyra-l-h\/wp-json\/wp\/v2\/users\/3"}],"replies":[{"embeddable":true,"href":"https:\/\/agora.xtec.cat\/ceip-jruyra-l-h\/wp-json\/wp\/v2\/comments?post=6292"}],"version-history":[{"count":3,"href":"https:\/\/agora.xtec.cat\/ceip-jruyra-l-h\/wp-json\/wp\/v2\/posts\/6292\/revisions"}],"predecessor-version":[{"id":11126,"href":"https:\/\/agora.xtec.cat\/ceip-jruyra-l-h\/wp-json\/wp\/v2\/posts\/6292\/revisions\/11126"}],"wp:featuredmedia":[{"embeddable":true,"href":"https:\/\/agora.xtec.cat\/ceip-jruyra-l-h\/wp-json\/wp\/v2\/media\/6298"}],"wp:attachment":[{"href":"https:\/\/agora.xtec.cat\/ceip-jruyra-l-h\/wp-json\/wp\/v2\/media?parent=6292"}],"wp:term":[{"taxonomy":"category","embeddable":true,"href":"https:\/\/agora.xtec.cat\/ceip-jruyra-l-h\/wp-json\/wp\/v2\/categories?post=6292"},{"taxonomy":"post_tag","embeddable":true,"href":"https:\/\/agora.xtec.cat\/ceip-jruyra-l-h\/wp-json\/wp\/v2\/tags?post=6292"}],"curies":[{"name":"wp","href":"https:\/\/api.w.org\/{rel}","templated":true}]}}