{"id":628,"date":"2017-03-19T19:28:09","date_gmt":"2017-03-19T18:28:09","guid":{"rendered":"https:\/\/agora.xtec.cat\/ceip-jruyra-l-h\/?p=628"},"modified":"2020-01-13T09:45:42","modified_gmt":"2020-01-13T08:45:42","slug":"acte-de-lliurament-del-premi-ensenyament-fundacio-cercle-deconomia-2017","status":"publish","type":"post","link":"https:\/\/agora.xtec.cat\/ceip-jruyra-l-h\/general\/acte-de-lliurament-del-premi-ensenyament-fundacio-cercle-deconomia-2017\/","title":{"rendered":"Acte de Lliurament del Premi Ensenyament Fundaci\u00f3 Cercle d&#8217;Economia 2017"},"content":{"rendered":"<div style=\"background-color: white; border: 0px; box-sizing: border-box; color: #191919; font-family: Serif6, serif; font-size: 16px; margin-bottom: 24px; outline: 0px; padding: 0px; vertical-align: baseline;\">\n<div style=\"text-align: justify;\">\n<p>Ens complau convidar-vos a l&#8217;Acte de lliurament del Premi Ensenyament Fundaci\u00f3 Cercle d&#8217;Economia que ser\u00e0 el proper dijous 11 de maig a les 19 hores al CaixaForum de l&#8217;Av. Francesc Ferrer i Gu\u00e0rdia, 6-8, 08038 Barcelona, del que som finalistes.<\/p>\n<p>Estarem molt contents de poder compartir amb vosaltres aquest moment, ja que el projecte de l&#8217;escola creix gr\u00e0cies a la participaci\u00f3 de tots els que hi col\u00b7laboreu.<\/p>\n<p>De ben segur, ser\u00e0 una tarda plena d&#8217;emocions i de reconeixement!<\/p>\n<\/div>\n<\/div>\n<div style=\"background-color: white; border: 0px; box-sizing: border-box; color: #191919; font-family: Serif6, serif; font-size: 16px; margin-bottom: 24px; margin-top: 24px; outline: 0px; padding: 0px; vertical-align: baseline;\">\n<div style=\"text-align: justify;\">\n<div class=\"separator\" style=\"clear: both; text-align: center;\"><a style=\"margin-left: 1em; margin-right: 1em;\" href=\"https:\/\/4.bp.blogspot.com\/-Wjzwmqt4IC4\/WQovCWqTZVI\/AAAAAAAAXpM\/y3ede7QpYdsfBejShlJ9gjzDUaoU_towwCLcB\/s1600\/cats.jpg\"><img loading=\"lazy\" decoding=\"async\" src=\"https:\/\/4.bp.blogspot.com\/-Wjzwmqt4IC4\/WQovCWqTZVI\/AAAAAAAAXpM\/y3ede7QpYdsfBejShlJ9gjzDUaoU_towwCLcB\/s640\/cats.jpg\" width=\"484\" height=\"640\" border=\"0\" \/><\/a><\/div>\n<div class=\"separator\" style=\"clear: both; text-align: center;\"><\/div>\n<div class=\"separator\" style=\"clear: both; text-align: center;\"><\/div>\n<div style=\"border: 0px; box-sizing: border-box; margin-bottom: 24px; outline: 0px; padding: 0px; text-align: start; vertical-align: baseline;\">\n<div style=\"text-align: justify;\">La Fundaci\u00f3 Cercle d\u2019Economia i l\u2019Obra Social \u201cla Caixa\u201d\u00a0entenen l\u2019educaci\u00f3 com a un factor decisiu de desenvolupament social i cultural, equitatiu i cohesionat, plenament integrat en el model social europeu.<\/div>\n<\/div>\n<div style=\"border: 0px; box-sizing: border-box; margin-bottom: 24px; margin-top: 24px; outline: 0px; padding: 0px; text-align: start; vertical-align: baseline;\">\n<div style=\"text-align: justify;\">La millora cont\u00ednua de l\u2019educaci\u00f3 no nom\u00e9s \u00e9s un repte dels responsables pol\u00edtics i dels professionals que s\u2019hi dediquen, sin\u00f3 de tota la societat i molt especialment dels sectors econ\u00f2mics i socials.<\/div>\n<\/div>\n<div style=\"border: 0px; box-sizing: border-box; margin-bottom: 24px; margin-top: 24px; outline: 0px; padding: 0px; text-align: start; vertical-align: baseline;\">\n<div style=\"text-align: justify;\">\u00c9s per aquest motiu que, conjuntament i gr\u00e0cies a l\u2019Obra Social \u201cla Caixa\u201d, convoquen el Premi Enseyament Fundaci\u00f3 Cercle d\u2019Economia destinat a fomentar especialment l\u2019esfor\u00e7 dels mestres, professors i centres educatius que busquen i afavoreixen la generaci\u00f3 del talent.<\/div>\n<\/div>\n<div style=\"border: 0px; box-sizing: border-box; margin-bottom: 24px; margin-top: 24px; outline: 0px; padding: 0px; text-align: start; vertical-align: baseline;\">\n<div style=\"text-align: justify;\">\n<p>El passat 27 de febrer vam ser informats que som finalistes d&#8217;aquest prestigi\u00f3s premi.<\/p>\n<p>Si vols con\u00e8ixer als altres finalistes, <a href=\"http:\/\/www.circuloeconomia.com\/wp-content\/uploads\/2016\/10\/comunicat-5-finalistes-2017-WEB.pdf\" target=\"_blank\" rel=\"noopener noreferrer\">fes click aqu\u00ed.<\/a><\/p>\n<\/div>\n<\/div>\n<\/div>\n<\/div>\n<div style=\"background-color: white; border: 0px; box-sizing: border-box; color: #191919; font-family: Serif6, serif; font-size: 16px; margin-bottom: 24px; margin-top: 24px; outline: 0px; padding: 0px; vertical-align: baseline;\"><\/div>\n","protected":false},"excerpt":{"rendered":"<p>Ens complau convidar-vos a l&#8217;Acte de lliurament del Premi Ensenyament Fundaci\u00f3 Cercle d&#8217;Economia que ser\u00e0 el proper dijous 11 de maig a les 19 hores al CaixaForum de l&#8217;Av. Francesc Ferrer i Gu\u00e0rdia, 6-8, 08038 Barcelona, del que som finalistes.<br \/>\nEstarem molt contents de poder compartir&hellip;  <a href=\"https:\/\/agora.xtec.cat\/ceip-jruyra-l-h\/general\/acte-de-lliurament-del-premi-ensenyament-fundacio-cercle-deconomia-2017\/\" title=\"Read Acte de Lliurament del Premi Ensenyament Fundaci\u00f3 Cercle d&#8217;Economia 2017\">Llegeix m\u00e9s\u00bb<\/a><\/p>\n","protected":false},"author":3,"featured_media":629,"comment_status":"open","ping_status":"closed","sticky":false,"template":"","format":"standard","meta":{"_bbp_topic_count":0,"_bbp_reply_count":0,"_bbp_total_topic_count":0,"_bbp_total_reply_count":0,"_bbp_voice_count":0,"_bbp_anonymous_reply_count":0,"_bbp_topic_count_hidden":0,"_bbp_reply_count_hidden":0,"_bbp_forum_subforum_count":0,"footnotes":""},"categories":[60,1],"tags":[],"class_list":["post-628","post","type-post","status-publish","format-standard","has-post-thumbnail","hentry","category-cdaxarxa","category-general"],"post_mailing_queue_ids":[],"_links":{"self":[{"href":"https:\/\/agora.xtec.cat\/ceip-jruyra-l-h\/wp-json\/wp\/v2\/posts\/628","targetHints":{"allow":["GET"]}}],"collection":[{"href":"https:\/\/agora.xtec.cat\/ceip-jruyra-l-h\/wp-json\/wp\/v2\/posts"}],"about":[{"href":"https:\/\/agora.xtec.cat\/ceip-jruyra-l-h\/wp-json\/wp\/v2\/types\/post"}],"author":[{"embeddable":true,"href":"https:\/\/agora.xtec.cat\/ceip-jruyra-l-h\/wp-json\/wp\/v2\/users\/3"}],"replies":[{"embeddable":true,"href":"https:\/\/agora.xtec.cat\/ceip-jruyra-l-h\/wp-json\/wp\/v2\/comments?post=628"}],"version-history":[{"count":2,"href":"https:\/\/agora.xtec.cat\/ceip-jruyra-l-h\/wp-json\/wp\/v2\/posts\/628\/revisions"}],"predecessor-version":[{"id":2047,"href":"https:\/\/agora.xtec.cat\/ceip-jruyra-l-h\/wp-json\/wp\/v2\/posts\/628\/revisions\/2047"}],"wp:featuredmedia":[{"embeddable":true,"href":"https:\/\/agora.xtec.cat\/ceip-jruyra-l-h\/wp-json\/wp\/v2\/media\/629"}],"wp:attachment":[{"href":"https:\/\/agora.xtec.cat\/ceip-jruyra-l-h\/wp-json\/wp\/v2\/media?parent=628"}],"wp:term":[{"taxonomy":"category","embeddable":true,"href":"https:\/\/agora.xtec.cat\/ceip-jruyra-l-h\/wp-json\/wp\/v2\/categories?post=628"},{"taxonomy":"post_tag","embeddable":true,"href":"https:\/\/agora.xtec.cat\/ceip-jruyra-l-h\/wp-json\/wp\/v2\/tags?post=628"}],"curies":[{"name":"wp","href":"https:\/\/api.w.org\/{rel}","templated":true}]}}