{"id":6256,"date":"2021-01-21T12:03:35","date_gmt":"2021-01-21T11:03:35","guid":{"rendered":"https:\/\/agora.xtec.cat\/ceip-jruyra-l-h\/?p=6256"},"modified":"2021-01-21T21:10:12","modified_gmt":"2021-01-21T20:10:12","slug":"formacio-de-familiars","status":"publish","type":"post","link":"https:\/\/agora.xtec.cat\/ceip-jruyra-l-h\/cdaxarxa\/formacio-de-familiars\/","title":{"rendered":"Formaci\u00f3 en compet\u00e8ncia digital b\u00e0sica per fam\u00edlies"},"content":{"rendered":"<p>A l&#8217;Escola Joaquim Ruyra participem al Pla de Millora d&#8217;Oportunitats Educatives.<\/p>\n<p>El Pla de millora d&#8217;oportunitats educatives \u00e9s una mesura extraordin\u00e0ria per al curs 2020-2021, que s&#8217;adopta per pal\u00b7liar els efectes desfavorables de la suspensi\u00f3 de l&#8217;activitat lectiva presencial durant el darrer trimestre del curs 2019-2020.<\/p>\n<p>Un dels \u00e0mbits que contempla aquest pla \u00e9s la formaci\u00f3 de familiars.<\/p>\n<p>Des de l&#8217;escola hem organitzat una formaci\u00f3 en compet\u00e8ncia digital b\u00e0sica per assessorar a les fam\u00edlies en les activitats amb format digital que s&#8217;envien per a realitzar a casa. Resoldrem dubtes respecte el funcionament de la p\u00e0gina web de l&#8217;escola, el Telegram de les classes, el Google Meet, les aplicacions dels dispositius m\u00f2bils, el Google Classroom, etc&#8230;<\/p>\n<p>\u00c9s per aquest motiu que hem elaborat aquesta petita enquesta.<\/p>\n<p>Necessitem saber quants familiars esteu interessats en rebre aquesta formaci\u00f3. La formaci\u00f3 ser\u00e0 d&#8217;una sessi\u00f3 i es realitzar\u00e0 a l&#8217;escola en horari de 16:30 a 18h en petits grups de 6 persones. Hi haur\u00e0 la possibilitat d&#8217;escollir entre el dilluns, el dimecres i el dijous.<\/p>\n<p>\u00c9s molt important la vostra participaci\u00f3 en aquesta activitat.<\/p>\n<p>Per omplir el formulari, <a href=\"https:\/\/forms.gle\/key1bJyJFFrjNNKb8\" target=\"_blank\" rel=\"noopener noreferrer\">feu click aqu\u00ed <\/a><a href=\"https:\/\/forms.gle\/key1bJyJFFrjNNKb8\" target=\"_blank\" rel=\"noopener noreferrer\"><img loading=\"lazy\" decoding=\"async\" class=\"alignnone\" src=\"https:\/\/agora.xtec.cat\/ceipvictorcatala\/wp-content\/uploads\/usu1671\/2020\/05\/aqui%CC%81-2.png\" alt=\"\" width=\"35\" height=\"35\" \/><\/a><\/p>\n<p>Moltes gr\u00e0cies per la vostra col\u00b7laboraci\u00f3.<\/p>\n","protected":false},"excerpt":{"rendered":"<p>Des de l&#8217;escola hem organitzat una formaci\u00f3 en compet\u00e8ncia digital b\u00e0sica per assessorar a les fam\u00edlies en les activitats amb format digital que s&#8217;envien per a realitzar a casa. Resoldrem dubtes respecte el funcionament de la p\u00e0gina web de l&#8217;escola, el Telegram de les classes, el Google Meet, les aplicacions dels dispositius m\u00f2bils, el Google Classroom, etc&#8230;&hellip;  <a href=\"https:\/\/agora.xtec.cat\/ceip-jruyra-l-h\/cdaxarxa\/formacio-de-familiars\/\" title=\"Read Formaci\u00f3 en compet\u00e8ncia digital b\u00e0sica per fam\u00edlies\">Llegeix m\u00e9s\u00bb<\/a><\/p>\n","protected":false},"author":3,"featured_media":6257,"comment_status":"open","ping_status":"closed","sticky":false,"template":"","format":"standard","meta":{"_bbp_topic_count":0,"_bbp_reply_count":0,"_bbp_total_topic_count":0,"_bbp_total_reply_count":0,"_bbp_voice_count":0,"_bbp_anonymous_reply_count":0,"_bbp_topic_count_hidden":0,"_bbp_reply_count_hidden":0,"_bbp_forum_subforum_count":0,"footnotes":""},"categories":[60],"tags":[71,83,65],"class_list":["post-6256","post","type-post","status-publish","format-standard","has-post-thumbnail","hentry","category-cdaxarxa","tag-actuacions-educatives-dexit","tag-comunitats-daprenentatge","tag-formacio-de-familiars"],"post_mailing_queue_ids":[],"_links":{"self":[{"href":"https:\/\/agora.xtec.cat\/ceip-jruyra-l-h\/wp-json\/wp\/v2\/posts\/6256","targetHints":{"allow":["GET"]}}],"collection":[{"href":"https:\/\/agora.xtec.cat\/ceip-jruyra-l-h\/wp-json\/wp\/v2\/posts"}],"about":[{"href":"https:\/\/agora.xtec.cat\/ceip-jruyra-l-h\/wp-json\/wp\/v2\/types\/post"}],"author":[{"embeddable":true,"href":"https:\/\/agora.xtec.cat\/ceip-jruyra-l-h\/wp-json\/wp\/v2\/users\/3"}],"replies":[{"embeddable":true,"href":"https:\/\/agora.xtec.cat\/ceip-jruyra-l-h\/wp-json\/wp\/v2\/comments?post=6256"}],"version-history":[{"count":3,"href":"https:\/\/agora.xtec.cat\/ceip-jruyra-l-h\/wp-json\/wp\/v2\/posts\/6256\/revisions"}],"predecessor-version":[{"id":6262,"href":"https:\/\/agora.xtec.cat\/ceip-jruyra-l-h\/wp-json\/wp\/v2\/posts\/6256\/revisions\/6262"}],"wp:featuredmedia":[{"embeddable":true,"href":"https:\/\/agora.xtec.cat\/ceip-jruyra-l-h\/wp-json\/wp\/v2\/media\/6257"}],"wp:attachment":[{"href":"https:\/\/agora.xtec.cat\/ceip-jruyra-l-h\/wp-json\/wp\/v2\/media?parent=6256"}],"wp:term":[{"taxonomy":"category","embeddable":true,"href":"https:\/\/agora.xtec.cat\/ceip-jruyra-l-h\/wp-json\/wp\/v2\/categories?post=6256"},{"taxonomy":"post_tag","embeddable":true,"href":"https:\/\/agora.xtec.cat\/ceip-jruyra-l-h\/wp-json\/wp\/v2\/tags?post=6256"}],"curies":[{"name":"wp","href":"https:\/\/api.w.org\/{rel}","templated":true}]}}