{"id":625,"date":"2017-02-07T19:27:21","date_gmt":"2017-02-07T18:27:21","guid":{"rendered":"https:\/\/agora.xtec.cat\/ceip-jruyra-l-h\/?p=625"},"modified":"2020-01-13T09:45:15","modified_gmt":"2020-01-13T08:45:15","slug":"la-nostra-escola-continua-sent-un-exemple","status":"publish","type":"post","link":"https:\/\/agora.xtec.cat\/ceip-jruyra-l-h\/general\/la-nostra-escola-continua-sent-un-exemple\/","title":{"rendered":"La nostra escola continua sent un exemple."},"content":{"rendered":"<div class=\"separator\" style=\"clear: both; text-align: center;\"><a style=\"margin-left: 1em; margin-right: 1em;\" href=\"https:\/\/1.bp.blogspot.com\/-_0cdVL24kjc\/WJnZQRhbauI\/AAAAAAAAWcg\/jEcUUrSlieow9tfOD4XQ3DaOOrFLa43twCLcB\/s1600\/cats.jpg\"><img loading=\"lazy\" decoding=\"async\" src=\"https:\/\/1.bp.blogspot.com\/-_0cdVL24kjc\/WJnZQRhbauI\/AAAAAAAAWcg\/jEcUUrSlieow9tfOD4XQ3DaOOrFLa43twCLcB\/s640\/cats.jpg\" width=\"640\" height=\"411\" border=\"0\" \/><\/a><\/div>\n<div class=\"separator\" style=\"clear: both; text-align: center;\"><\/div>\n<div class=\"separator\" style=\"clear: both; text-align: left;\">El divendres 3 de febrer de 2017 l&#8217;Escola Joaquim Ruyra va tornar a ser not\u00edcia al diari &#8220;El Peri\u00f3dico&#8221;. Si voleu veure la not\u00edcia completa, <a href=\"http:\/\/www.elperiodico.com\/es\/noticias\/sociedad\/guia-para-padres-puertas-abiertas-colegios-5785713?utm_source=facebook&amp;utm_medium=social&amp;utm_campaign=cm\" target=\"_blank\" rel=\"noopener noreferrer\">cliqueu aqu\u00ed.<\/a><\/div>\n","protected":false},"excerpt":{"rendered":"<p><a style=\"margin-left: 1em; margin-right: 1em;\" href=\"https:\/\/1.bp.blogspot.com\/-_0cdVL24kjc\/WJnZQRhbauI\/AAAAAAAAWcg\/jEcUUrSlieow9tfOD4XQ3DaOOrFLa43twCLcB\/s1600\/cats.jpg\"><\/a><\/p>\n<p>El divendres 3 de febrer de 2017 l&#8217;Escola Joaquim Ruyra va tornar a ser not\u00edcia al diari &#8220;El Peri\u00f3dico&#8221;. Si voleu veure la not\u00edcia completa, <a href=\"http:\/\/www.elperiodico.com\/es\/noticias\/sociedad\/guia-para-padres-puertas-abiertas-colegios-5785713?utm_source=facebook&amp;utm_medium=social&amp;utm_campaign=cm\" target=\"_blank\" rel=\"noopener noreferrer\">cliqueu aqu\u00ed.<\/a><\/p>\n","protected":false},"author":3,"featured_media":626,"comment_status":"open","ping_status":"closed","sticky":false,"template":"","format":"standard","meta":{"_bbp_topic_count":0,"_bbp_reply_count":0,"_bbp_total_topic_count":0,"_bbp_total_reply_count":0,"_bbp_voice_count":0,"_bbp_anonymous_reply_count":0,"_bbp_topic_count_hidden":0,"_bbp_reply_count_hidden":0,"_bbp_forum_subforum_count":0,"footnotes":""},"categories":[60,1],"tags":[71],"class_list":["post-625","post","type-post","status-publish","format-standard","has-post-thumbnail","hentry","category-cdaxarxa","category-general","tag-actuacions-educatives-dexit"],"post_mailing_queue_ids":[],"_links":{"self":[{"href":"https:\/\/agora.xtec.cat\/ceip-jruyra-l-h\/wp-json\/wp\/v2\/posts\/625","targetHints":{"allow":["GET"]}}],"collection":[{"href":"https:\/\/agora.xtec.cat\/ceip-jruyra-l-h\/wp-json\/wp\/v2\/posts"}],"about":[{"href":"https:\/\/agora.xtec.cat\/ceip-jruyra-l-h\/wp-json\/wp\/v2\/types\/post"}],"author":[{"embeddable":true,"href":"https:\/\/agora.xtec.cat\/ceip-jruyra-l-h\/wp-json\/wp\/v2\/users\/3"}],"replies":[{"embeddable":true,"href":"https:\/\/agora.xtec.cat\/ceip-jruyra-l-h\/wp-json\/wp\/v2\/comments?post=625"}],"version-history":[{"count":1,"href":"https:\/\/agora.xtec.cat\/ceip-jruyra-l-h\/wp-json\/wp\/v2\/posts\/625\/revisions"}],"predecessor-version":[{"id":627,"href":"https:\/\/agora.xtec.cat\/ceip-jruyra-l-h\/wp-json\/wp\/v2\/posts\/625\/revisions\/627"}],"wp:featuredmedia":[{"embeddable":true,"href":"https:\/\/agora.xtec.cat\/ceip-jruyra-l-h\/wp-json\/wp\/v2\/media\/626"}],"wp:attachment":[{"href":"https:\/\/agora.xtec.cat\/ceip-jruyra-l-h\/wp-json\/wp\/v2\/media?parent=625"}],"wp:term":[{"taxonomy":"category","embeddable":true,"href":"https:\/\/agora.xtec.cat\/ceip-jruyra-l-h\/wp-json\/wp\/v2\/categories?post=625"},{"taxonomy":"post_tag","embeddable":true,"href":"https:\/\/agora.xtec.cat\/ceip-jruyra-l-h\/wp-json\/wp\/v2\/tags?post=625"}],"curies":[{"name":"wp","href":"https:\/\/api.w.org\/{rel}","templated":true}]}}