{"id":615,"date":"2016-12-23T19:23:54","date_gmt":"2016-12-23T18:23:54","guid":{"rendered":"https:\/\/agora.xtec.cat\/ceip-jruyra-l-h\/?p=615"},"modified":"2020-01-13T09:43:59","modified_gmt":"2020-01-13T08:43:59","slug":"jornades-impact-ev","status":"publish","type":"post","link":"https:\/\/agora.xtec.cat\/ceip-jruyra-l-h\/general\/jornades-impact-ev\/","title":{"rendered":"Jornades IMPACT-EV."},"content":{"rendered":"<p>El dijous 15 de desembre l&#8217;equip directiu de l&#8217;escola participar\u00e0 en una taula rodona sobre educaci\u00f3. En aquesta confer\u00e8ncia parlarem de les actuacions d&#8217;\u00e8xit que estem portant a terme com a Comunitat d&#8217;Aprenentatge.<\/p>\n<p>Aquest acte s&#8217;emmarca dins del projecte europeu IMPACT-EV.<\/p>\n<div class=\"separator\" style=\"clear: both; text-align: center;\"><a style=\"margin-left: 1em; margin-right: 1em;\" href=\"https:\/\/2.bp.blogspot.com\/-aVfv0HDCTQ8\/WFD6piN55dI\/AAAAAAAAVs4\/JCzqSRFEtX8TFxkn9Guqjvtra9dyDoHJQCLcB\/s1600\/Screenshot_20161212-075225%257E2.png\"><img loading=\"lazy\" decoding=\"async\" src=\"https:\/\/2.bp.blogspot.com\/-aVfv0HDCTQ8\/WFD6piN55dI\/AAAAAAAAVs4\/JCzqSRFEtX8TFxkn9Guqjvtra9dyDoHJQCLcB\/s400\/Screenshot_20161212-075225%257E2.png\" width=\"315\" height=\"400\" border=\"0\" \/><\/a><\/div>\n<p>&nbsp;<\/p>\n","protected":false},"excerpt":{"rendered":"<p>El dijous 15 de desembre l&#8217;equip directiu de l&#8217;escola participar\u00e0 en una taula rodona sobre educaci\u00f3. En aquesta confer\u00e8ncia parlarem de les actuacions d&#8217;\u00e8xit que estem portant a terme com a Comunitat d&#8217;Aprenentatge.<br \/>\nAquest acte s&#8217;emmarca dins del projecte europeu IMPACT-EV.<br \/>\n<a style=\"margin-left: 1em; margin-right: 1em;\" href=\"https:\/\/2.bp.blogspot.com\/-aVfv0HDCTQ8\/WFD6piN55dI\/AAAAAAAAVs4\/JCzqSRFEtX8TFxkn9Guqjvtra9dyDoHJQCLcB\/s1600\/Screenshot_20161212-075225%257E2.png\"><\/a><br \/>\n&nbsp;<\/p>\n","protected":false},"author":3,"featured_media":616,"comment_status":"open","ping_status":"closed","sticky":false,"template":"","format":"standard","meta":{"_bbp_topic_count":0,"_bbp_reply_count":0,"_bbp_total_topic_count":0,"_bbp_total_reply_count":0,"_bbp_voice_count":0,"_bbp_anonymous_reply_count":0,"_bbp_topic_count_hidden":0,"_bbp_reply_count_hidden":0,"_bbp_forum_subforum_count":0,"footnotes":""},"categories":[60,1],"tags":[71],"class_list":["post-615","post","type-post","status-publish","format-standard","has-post-thumbnail","hentry","category-cdaxarxa","category-general","tag-actuacions-educatives-dexit"],"post_mailing_queue_ids":[],"_links":{"self":[{"href":"https:\/\/agora.xtec.cat\/ceip-jruyra-l-h\/wp-json\/wp\/v2\/posts\/615","targetHints":{"allow":["GET"]}}],"collection":[{"href":"https:\/\/agora.xtec.cat\/ceip-jruyra-l-h\/wp-json\/wp\/v2\/posts"}],"about":[{"href":"https:\/\/agora.xtec.cat\/ceip-jruyra-l-h\/wp-json\/wp\/v2\/types\/post"}],"author":[{"embeddable":true,"href":"https:\/\/agora.xtec.cat\/ceip-jruyra-l-h\/wp-json\/wp\/v2\/users\/3"}],"replies":[{"embeddable":true,"href":"https:\/\/agora.xtec.cat\/ceip-jruyra-l-h\/wp-json\/wp\/v2\/comments?post=615"}],"version-history":[{"count":2,"href":"https:\/\/agora.xtec.cat\/ceip-jruyra-l-h\/wp-json\/wp\/v2\/posts\/615\/revisions"}],"predecessor-version":[{"id":2046,"href":"https:\/\/agora.xtec.cat\/ceip-jruyra-l-h\/wp-json\/wp\/v2\/posts\/615\/revisions\/2046"}],"wp:featuredmedia":[{"embeddable":true,"href":"https:\/\/agora.xtec.cat\/ceip-jruyra-l-h\/wp-json\/wp\/v2\/media\/616"}],"wp:attachment":[{"href":"https:\/\/agora.xtec.cat\/ceip-jruyra-l-h\/wp-json\/wp\/v2\/media?parent=615"}],"wp:term":[{"taxonomy":"category","embeddable":true,"href":"https:\/\/agora.xtec.cat\/ceip-jruyra-l-h\/wp-json\/wp\/v2\/categories?post=615"},{"taxonomy":"post_tag","embeddable":true,"href":"https:\/\/agora.xtec.cat\/ceip-jruyra-l-h\/wp-json\/wp\/v2\/tags?post=615"}],"curies":[{"name":"wp","href":"https:\/\/api.w.org\/{rel}","templated":true}]}}