{"id":594,"date":"2016-10-30T19:17:43","date_gmt":"2016-10-30T18:17:43","guid":{"rendered":"https:\/\/agora.xtec.cat\/ceip-jruyra-l-h\/?p=594"},"modified":"2019-11-23T19:18:20","modified_gmt":"2019-11-23T18:18:20","slug":"robotica-educativa","status":"publish","type":"post","link":"https:\/\/agora.xtec.cat\/ceip-jruyra-l-h\/general\/robotica-educativa\/","title":{"rendered":"Rob\u00f2tica Educativa"},"content":{"rendered":"<div class=\"separator\" style=\"clear: both; text-align: center;\"><a style=\"clear: left; float: left; margin-bottom: 1em; margin-right: 1em;\" href=\"https:\/\/2.bp.blogspot.com\/-QkZFTZhRU5c\/WBZLeWoiLKI\/AAAAAAAAU-U\/C29QBQNsS04o9mKBGiGLDuTl6fsbZza_ACLcB\/s1600\/IMG_20161025_180803.jpg\"><img loading=\"lazy\" decoding=\"async\" src=\"https:\/\/2.bp.blogspot.com\/-QkZFTZhRU5c\/WBZLeWoiLKI\/AAAAAAAAU-U\/C29QBQNsS04o9mKBGiGLDuTl6fsbZza_ACLcB\/s400\/IMG_20161025_180803.jpg\" width=\"400\" height=\"225\" border=\"0\" \/><\/a><\/div>\n<div class=\"separator\" style=\"clear: both; text-align: center;\"><a style=\"clear: right; float: right; margin-bottom: 1em; margin-left: 1em;\" href=\"https:\/\/4.bp.blogspot.com\/-PC6pBvz8rag\/WBZLyS2UUkI\/AAAAAAAAU-Y\/UAIpsNe233grHmXohS7qnDvR8nywTjO_QCLcB\/s1600\/IMG_20161025_175216.jpg\"><img loading=\"lazy\" decoding=\"async\" src=\"https:\/\/4.bp.blogspot.com\/-PC6pBvz8rag\/WBZLyS2UUkI\/AAAAAAAAU-Y\/UAIpsNe233grHmXohS7qnDvR8nywTjO_QCLcB\/s400\/IMG_20161025_175216.jpg\" width=\"225\" height=\"400\" border=\"0\" \/><\/a><\/div>\n<p><span style=\"background-color: white; color: #666666; font-family: Helvetica, Arial, sans-serif; font-size: 12px;\">\u00a0<\/span><\/p>\n<div style=\"text-align: justify;\"><span style=\"background-color: white;\"><span style=\"color: #666666; font-family: Helvetica, Arial, sans-serif;\"><span style=\"font-size: 12px;\">Els mestres de l&#8217;Escola Joaquim Ruyra continuem treballant per aconseguir l&#8217;\u00e8xit educatiu de l&#8217;alumnat. Aquest dilluns hem iniciat una formaci\u00f3 interna del professorat dedicada \u00edntegrament\u00a0a la Rob\u00f2tica Educativa.<\/span><\/span><\/span><\/div>\n<div style=\"text-align: justify;\"><span style=\"background-color: white; color: #666666; font-family: Helvetica, Arial, sans-serif; font-size: 12px;\">\u00a0<\/span><\/div>\n<div style=\"text-align: justify;\"><span style=\"background-color: white; color: #666666; font-family: Helvetica, Arial, sans-serif; font-size: 12px;\">Properament els alumnes gaudiran d&#8217;aquesta nova experi\u00e8ncia a l&#8217;aula.<\/span><\/div>\n<div><\/div>\n","protected":false},"excerpt":{"rendered":"<p><a style=\"clear: left; float: left; margin-bottom: 1em; margin-right: 1em;\" href=\"https:\/\/2.bp.blogspot.com\/-QkZFTZhRU5c\/WBZLeWoiLKI\/AAAAAAAAU-U\/C29QBQNsS04o9mKBGiGLDuTl6fsbZza_ACLcB\/s1600\/IMG_20161025_180803.jpg\"><\/a><br \/>\n<a style=\"clear: right; float: right; margin-bottom: 1em; margin-left: 1em;\" href=\"https:\/\/4.bp.blogspot.com\/-PC6pBvz8rag\/WBZLyS2UUkI\/AAAAAAAAU-Y\/UAIpsNe233grHmXohS7qnDvR8nywTjO_QCLcB\/s1600\/IMG_20161025_175216.jpg\"><\/a><br \/>\n\u00a0<br \/>\nEls mestres de l&#8217;Escola Joaquim Ruyra continuem treballant per aconseguir l&#8217;\u00e8xit educatiu de l&#8217;alumnat. Aquest dilluns hem iniciat una formaci\u00f3 interna del professorat dedicada \u00edntegrament\u00a0a la Rob\u00f2tica&hellip;  <a href=\"https:\/\/agora.xtec.cat\/ceip-jruyra-l-h\/general\/robotica-educativa\/\" title=\"Read Rob\u00f2tica Educativa\">Llegeix m\u00e9s\u00bb<\/a><\/p>\n","protected":false},"author":3,"featured_media":595,"comment_status":"open","ping_status":"closed","sticky":false,"template":"","format":"standard","meta":{"_bbp_topic_count":0,"_bbp_reply_count":0,"_bbp_total_topic_count":0,"_bbp_total_reply_count":0,"_bbp_voice_count":0,"_bbp_anonymous_reply_count":0,"_bbp_topic_count_hidden":0,"_bbp_reply_count_hidden":0,"_bbp_forum_subforum_count":0,"footnotes":""},"categories":[1],"tags":[],"class_list":["post-594","post","type-post","status-publish","format-standard","has-post-thumbnail","hentry","category-general"],"post_mailing_queue_ids":[],"_links":{"self":[{"href":"https:\/\/agora.xtec.cat\/ceip-jruyra-l-h\/wp-json\/wp\/v2\/posts\/594","targetHints":{"allow":["GET"]}}],"collection":[{"href":"https:\/\/agora.xtec.cat\/ceip-jruyra-l-h\/wp-json\/wp\/v2\/posts"}],"about":[{"href":"https:\/\/agora.xtec.cat\/ceip-jruyra-l-h\/wp-json\/wp\/v2\/types\/post"}],"author":[{"embeddable":true,"href":"https:\/\/agora.xtec.cat\/ceip-jruyra-l-h\/wp-json\/wp\/v2\/users\/3"}],"replies":[{"embeddable":true,"href":"https:\/\/agora.xtec.cat\/ceip-jruyra-l-h\/wp-json\/wp\/v2\/comments?post=594"}],"version-history":[{"count":1,"href":"https:\/\/agora.xtec.cat\/ceip-jruyra-l-h\/wp-json\/wp\/v2\/posts\/594\/revisions"}],"predecessor-version":[{"id":596,"href":"https:\/\/agora.xtec.cat\/ceip-jruyra-l-h\/wp-json\/wp\/v2\/posts\/594\/revisions\/596"}],"wp:featuredmedia":[{"embeddable":true,"href":"https:\/\/agora.xtec.cat\/ceip-jruyra-l-h\/wp-json\/wp\/v2\/media\/595"}],"wp:attachment":[{"href":"https:\/\/agora.xtec.cat\/ceip-jruyra-l-h\/wp-json\/wp\/v2\/media?parent=594"}],"wp:term":[{"taxonomy":"category","embeddable":true,"href":"https:\/\/agora.xtec.cat\/ceip-jruyra-l-h\/wp-json\/wp\/v2\/categories?post=594"},{"taxonomy":"post_tag","embeddable":true,"href":"https:\/\/agora.xtec.cat\/ceip-jruyra-l-h\/wp-json\/wp\/v2\/tags?post=594"}],"curies":[{"name":"wp","href":"https:\/\/api.w.org\/{rel}","templated":true}]}}