{"id":5784,"date":"2020-11-26T13:57:26","date_gmt":"2020-11-26T12:57:26","guid":{"rendered":"https:\/\/agora.xtec.cat\/ceip-jruyra-l-h\/?p=5784"},"modified":"2023-06-21T10:33:41","modified_gmt":"2023-06-21T08:33:41","slug":"ampa","status":"publish","type":"post","link":"https:\/\/agora.xtec.cat\/ceip-jruyra-l-h\/afa\/ampa\/","title":{"rendered":"AFA (Associaci\u00f3 de Familiars d&#8217;Alumnes)"},"content":{"rendered":"<h2><strong><a href=\"https:\/\/t.me\/ampajoaquimruyra\">Telegram de l&#8217;AFA<\/a>: <a href=\"https:\/\/t.me\/ampajoaquimruyra\">https:\/\/t.me\/ampajoaquimruyra<\/a><\/strong><\/h2>\n<p><img loading=\"lazy\" decoding=\"async\" class=\"alignnone size-full wp-image-12738\" src=\"https:\/\/agora.xtec.cat\/ceip-jruyra-l-h\/wp-content\/uploads\/usu2049\/2020\/11\/cats-10.jpg\" alt=\"\" width=\"693\" height=\"774\" srcset=\"https:\/\/agora.xtec.cat\/ceip-jruyra-l-h\/wp-content\/uploads\/usu2049\/2020\/11\/cats-10.jpg 693w, https:\/\/agora.xtec.cat\/ceip-jruyra-l-h\/wp-content\/uploads\/usu2049\/2020\/11\/cats-10-269x300.jpg 269w\" sizes=\"auto, (max-width: 693px) 100vw, 693px\" \/><\/p>\n<h3>QU\u00c8 \u00c9S UNA AFA?<\/h3>\n<p>\u00c9s una associaci\u00f3 sense \u00e0nim de lucre, formada per pares, mares i tutors\/es legals d\u2019alumnes del centre educatiu.<\/p>\n<p>&nbsp;<\/p>\n<p>QUINES S\u00d3N LES FINALITATS D&#8217;UNA\u00a0 AFA?<\/p>\n<p><strong>\u00a0<\/strong><\/p>\n<p>La finalitat de l\u2019AFA \u00e9s la de participar i intervenir en la gesti\u00f3 del centre educatiu, amb la finalitat de millorar l\u2019educaci\u00f3 i aconseguir un clima de conviv\u00e8ncia en aquest.<\/p>\n<p>El nostre objectiu com a mares i pares \u00e9s la disposici\u00f3 de participar i augmentar la qualitat de l\u2019escola p\u00fablica.<\/p>\n<p>&nbsp;<\/p>\n<p>L\u2019AFA te un gran paper dins de la comunitat educativa:<\/p>\n<ul>\n<li>Evitar que qualsevol neglig\u00e8ncia pugui deteriorar l\u2019educaci\u00f3 dels nostres fills.<\/li>\n<li>Contribuir a desenvolupar els senyals d\u2019identitat del model d\u2019escola p\u00fablica; participaci\u00f3 democr\u00e0tica, gratu\u00eftat, igualtat d\u2019oportunitats, qualitat i \u00e8xit per tots, entre altres.<\/li>\n<li>Informar y assessorar als pares\/mares i\/o\u00a0 tutors legals de les activitats pr\u00f2pies de\u00a0 l\u2019AFA, de manera individual i col\u00b7lectiva en tot all\u00f2 que concerneix a l\u2019educaci\u00f3 dels nostres fills\/es i promoure que exerceixin els drets i deures que tenen en aquesta labor.<\/li>\n<li>Potenciar la formaci\u00f3 per a la participaci\u00f3 de las fam\u00edlies en la vida del centre i en els seus \u00f2rgans de govern.<\/li>\n<li>Fer costat a l\u2019alumnat i les fam\u00edlies amb necessitats educatives espec\u00edfiques o necessitats socials.<\/li>\n<li>Promoure la qualitat educativa.<\/li>\n<li>Col\u00b7laborar, amb el professorat i l\u2019alumnat, per al bon enteniment i funcionament del centre.<\/li>\n<li>Fomentar la conviv\u00e8ncia entre la comunitat educativa.<\/li>\n<li>Realitzar activitats de car\u00e0cter educatiu que reforcin els valors i objectius del Projecte Educatiu del Centre.<\/li>\n<li>Facilitar les activitats educatives en relaci\u00f3 amb l\u2019entorn.<\/li>\n<\/ul>\n<p>&nbsp;<\/p>\n<h3>RELACI\u00d3 AMB EL CENTRE EDUCATIU<\/h3>\n<p>La relaci\u00f3 que a dia d\u2019avui es mant\u00e9 amb el centre educatiu \u00e9s directa i fluida:<\/p>\n<ul>\n<li>Es mantenen reunions cont\u00ednues.<\/li>\n<li>Qualsevol imprevist que pugui sorgir hi ha una comunicaci\u00f3 directa i di\u00e0ria.<\/li>\n<li>Col\u00b7laborem en tot el que la direcci\u00f3 ens sol\u00b7licita en quant a les necessitats del centre educatiu.<\/li>\n<\/ul>\n<p>&nbsp;<\/p>\n<h3>AFA<\/h3>\n<p>L\u2019AFA disposa d\u2019un espai en la planta baixa per a les diferents gestiones que duu a terme, com poden ser assessorar a les fam\u00edlies en tot el relacionat amb la vida escolar.<\/p>\n<p>La quota per fam\u00edlia \u00e9s de 15 euros.<\/p>\n<p>&nbsp;<\/p>\n<h3>ACTIVITATS DE L\u2019AFA<\/h3>\n<p>L\u2019AFA s\u2019encarrega de la distribuci\u00f3 dels llibres de text, aix\u00ed com de la venda de xandalls y bates del propi centre.<\/p>\n<p>S\u2019encarrega de les activitats extraescolars, junt amb l\u2019Ajuntament y sota un conveni amb l\u2019Esplai La Florida.<\/p>\n<p>En les diferents activitats podem comptar amb:<\/p>\n<ul>\n<li><strong>Gimn\u00e0stica r\u00edtmica<\/strong><\/li>\n<li><strong>Piscina<\/strong><\/li>\n<li><strong>Taller de estudi assistit i biblioteca tutoritzada<\/strong><\/li>\n<li><strong>Danses tradicionals<\/strong><\/li>\n<li><strong>Futbol<\/strong><\/li>\n<li><strong>Angl\u00e8s (Infantil i Prim\u00e0ria) <\/strong><\/li>\n<li><strong>Arts marcials <\/strong><strong style=\"font-family: inherit; font-size: 1em;\">d\u2019estudi<\/strong><\/li>\n<\/ul>\n<p><strong>\u00a0<\/strong><strong>Organitzem el servei d\u2019acollida<\/strong> de 8:00 a 9:30h del mat\u00ed i a partir de les 16:30 h de la\u00a0 tarda.<\/p>\n<p><strong>Formem part de les comissions mixtes <\/strong>juntament amb el professorat en que s\u2019organitzen les diferents activitats que es desenvolupen tant dins com fora de les aules (grups interactius, sortides escolars, festes, etc&#8230;).<\/p>\n<p><strong>Impulsem la formaci\u00f3 de familiars mitjan\u00e7ant <a href=\"https:\/\/escoladevida.cat\/\">l\u2019Escola de Vida<\/a>, <\/strong>que esdev\u00e9 un espai d\u2019aprenentatge obert a tota la comunitat educativa.<\/p>\n<p>&nbsp;<\/p>\n","protected":false},"excerpt":{"rendered":"<p>Qu\u00e8 \u00e9s un AFA? Quines s\u00f3n les finalitats d&#8217;un AFA? &hellip;  <a href=\"https:\/\/agora.xtec.cat\/ceip-jruyra-l-h\/afa\/ampa\/\" title=\"Read AFA (Associaci\u00f3 de Familiars d&#8217;Alumnes)\">Llegeix m\u00e9s\u00bb<\/a><\/p>\n","protected":false},"author":3,"featured_media":12726,"comment_status":"open","ping_status":"closed","sticky":false,"template":"","format":"standard","meta":{"_bbp_topic_count":0,"_bbp_reply_count":0,"_bbp_total_topic_count":0,"_bbp_total_reply_count":0,"_bbp_voice_count":0,"_bbp_anonymous_reply_count":0,"_bbp_topic_count_hidden":0,"_bbp_reply_count_hidden":0,"_bbp_forum_subforum_count":0,"footnotes":""},"categories":[86],"tags":[],"class_list":["post-5784","post","type-post","status-publish","format-standard","has-post-thumbnail","hentry","category-afa"],"post_mailing_queue_ids":[],"_links":{"self":[{"href":"https:\/\/agora.xtec.cat\/ceip-jruyra-l-h\/wp-json\/wp\/v2\/posts\/5784","targetHints":{"allow":["GET"]}}],"collection":[{"href":"https:\/\/agora.xtec.cat\/ceip-jruyra-l-h\/wp-json\/wp\/v2\/posts"}],"about":[{"href":"https:\/\/agora.xtec.cat\/ceip-jruyra-l-h\/wp-json\/wp\/v2\/types\/post"}],"author":[{"embeddable":true,"href":"https:\/\/agora.xtec.cat\/ceip-jruyra-l-h\/wp-json\/wp\/v2\/users\/3"}],"replies":[{"embeddable":true,"href":"https:\/\/agora.xtec.cat\/ceip-jruyra-l-h\/wp-json\/wp\/v2\/comments?post=5784"}],"version-history":[{"count":3,"href":"https:\/\/agora.xtec.cat\/ceip-jruyra-l-h\/wp-json\/wp\/v2\/posts\/5784\/revisions"}],"predecessor-version":[{"id":14614,"href":"https:\/\/agora.xtec.cat\/ceip-jruyra-l-h\/wp-json\/wp\/v2\/posts\/5784\/revisions\/14614"}],"wp:featuredmedia":[{"embeddable":true,"href":"https:\/\/agora.xtec.cat\/ceip-jruyra-l-h\/wp-json\/wp\/v2\/media\/12726"}],"wp:attachment":[{"href":"https:\/\/agora.xtec.cat\/ceip-jruyra-l-h\/wp-json\/wp\/v2\/media?parent=5784"}],"wp:term":[{"taxonomy":"category","embeddable":true,"href":"https:\/\/agora.xtec.cat\/ceip-jruyra-l-h\/wp-json\/wp\/v2\/categories?post=5784"},{"taxonomy":"post_tag","embeddable":true,"href":"https:\/\/agora.xtec.cat\/ceip-jruyra-l-h\/wp-json\/wp\/v2\/tags?post=5784"}],"curies":[{"name":"wp","href":"https:\/\/api.w.org\/{rel}","templated":true}]}}