{"id":565,"date":"2012-05-30T18:59:22","date_gmt":"2012-05-30T16:59:22","guid":{"rendered":"https:\/\/agora.xtec.cat\/ceip-jruyra-l-h\/?p=565"},"modified":"2019-11-23T19:00:10","modified_gmt":"2019-11-23T18:00:10","slug":"distincio-ciutadana","status":"publish","type":"post","link":"https:\/\/agora.xtec.cat\/ceip-jruyra-l-h\/general\/distincio-ciutadana\/","title":{"rendered":"Distinci\u00f3 Ciutadana"},"content":{"rendered":"<div class=\"separator\" style=\"clear: both; text-align: center;\"><a style=\"margin-left: 1em; margin-right: 1em;\" href=\"https:\/\/2.bp.blogspot.com\/-ENSKnuwOC6M\/WlNOhEa45_I\/AAAAAAAAcQ8\/SC2dyZWSPPUOhy3i1lHr_Cb6odlqXmn-wCLcBGAs\/s1600\/distinci%25C3%25B3%2Bciutadana.jpg\"><img loading=\"lazy\" decoding=\"async\" src=\"https:\/\/2.bp.blogspot.com\/-ENSKnuwOC6M\/WlNOhEa45_I\/AAAAAAAAcQ8\/SC2dyZWSPPUOhy3i1lHr_Cb6odlqXmn-wCLcBGAs\/s640\/distinci%25C3%25B3%2Bciutadana.jpg\" width=\"640\" height=\"442\" border=\"0\" data-original-height=\"854\" data-original-width=\"1235\" \/><\/a><\/div>\n<p>&nbsp;<\/p>\n<div style=\"background-color: white; color: #646567; font-family: Helvetica; font-size: 14.4px; margin-bottom: 1em; padding: 0px; text-align: justify !important;\">L\u2019escola p\u00fablica Joaquim Ruyra es va obrir l\u2019any 1974.\u00a0<strong>\u00c9s la primera de la ciutat que s\u2019ha transformat en una comunitat d\u2019aprenentatge, amb el suport del Centre de Recerca Social i Educativa (CREA) de la Universitat de Barcelona<\/strong>. Aix\u00f2 implica la col\u00b7laboraci\u00f3 de les fam\u00edlies i la seva participaci\u00f3 en l\u2019educaci\u00f3 dels seus infants i, per aix\u00f2, han creat diferents comissions de participaci\u00f3 a l\u2019escola.<\/div>\n<div style=\"background-color: white; color: #646567; font-family: Helvetica; font-size: 14.4px; margin-bottom: 1em; padding: 0px; text-align: justify !important;\">Durant l\u2019acte es va recon\u00e8ixer la tasca de Salvita \u00c1lvarez, que ocupava el c\u00e0rrec de directora de l\u2019escola Joaquim Ruyra quan va impulsar la comunitat educativa. Ahir, el nou director, Miquel Charneco, va ser l\u2019encarregat de recollir la distinci\u00f3. \u201cAquest \u00e9s un guard\u00f3 molt diferent dels que rebem habitualment, no ho esper\u00e0vem. Vull agrair als pares i mares la seva dedicaci\u00f3 i ajut perqu\u00e8 sense ells no tindria sentit aquest projecte, i tamb\u00e9 a l\u2019Esplai la Florida\u201d.<\/div>\n","protected":false},"excerpt":{"rendered":"<p><a style=\"margin-left: 1em; margin-right: 1em;\" href=\"https:\/\/2.bp.blogspot.com\/-ENSKnuwOC6M\/WlNOhEa45_I\/AAAAAAAAcQ8\/SC2dyZWSPPUOhy3i1lHr_Cb6odlqXmn-wCLcBGAs\/s1600\/distinci%25C3%25B3%2Bciutadana.jpg\"><\/a><br \/>\n&nbsp;<br \/>\nL\u2019escola p\u00fablica Joaquim Ruyra es va obrir l\u2019any 1974.\u00a0\u00c9s la primera de la ciutat que s\u2019ha transformat en una comunitat d\u2019aprenentatge, amb el suport del Centre de Recerca Social i Educativa (CREA) de la Universitat de Barcelona. Aix\u00f2 implica la&hellip;  <a href=\"https:\/\/agora.xtec.cat\/ceip-jruyra-l-h\/general\/distincio-ciutadana\/\" title=\"Read Distinci\u00f3 Ciutadana\">Llegeix m\u00e9s\u00bb<\/a><\/p>\n","protected":false},"author":3,"featured_media":0,"comment_status":"open","ping_status":"closed","sticky":false,"template":"","format":"standard","meta":{"_bbp_topic_count":0,"_bbp_reply_count":0,"_bbp_total_topic_count":0,"_bbp_total_reply_count":0,"_bbp_voice_count":0,"_bbp_anonymous_reply_count":0,"_bbp_topic_count_hidden":0,"_bbp_reply_count_hidden":0,"_bbp_forum_subforum_count":0,"footnotes":""},"categories":[60,1],"tags":[],"class_list":["post-565","post","type-post","status-publish","format-standard","hentry","category-cdaxarxa","category-general"],"post_mailing_queue_ids":[],"_links":{"self":[{"href":"https:\/\/agora.xtec.cat\/ceip-jruyra-l-h\/wp-json\/wp\/v2\/posts\/565","targetHints":{"allow":["GET"]}}],"collection":[{"href":"https:\/\/agora.xtec.cat\/ceip-jruyra-l-h\/wp-json\/wp\/v2\/posts"}],"about":[{"href":"https:\/\/agora.xtec.cat\/ceip-jruyra-l-h\/wp-json\/wp\/v2\/types\/post"}],"author":[{"embeddable":true,"href":"https:\/\/agora.xtec.cat\/ceip-jruyra-l-h\/wp-json\/wp\/v2\/users\/3"}],"replies":[{"embeddable":true,"href":"https:\/\/agora.xtec.cat\/ceip-jruyra-l-h\/wp-json\/wp\/v2\/comments?post=565"}],"version-history":[{"count":1,"href":"https:\/\/agora.xtec.cat\/ceip-jruyra-l-h\/wp-json\/wp\/v2\/posts\/565\/revisions"}],"predecessor-version":[{"id":566,"href":"https:\/\/agora.xtec.cat\/ceip-jruyra-l-h\/wp-json\/wp\/v2\/posts\/565\/revisions\/566"}],"wp:attachment":[{"href":"https:\/\/agora.xtec.cat\/ceip-jruyra-l-h\/wp-json\/wp\/v2\/media?parent=565"}],"wp:term":[{"taxonomy":"category","embeddable":true,"href":"https:\/\/agora.xtec.cat\/ceip-jruyra-l-h\/wp-json\/wp\/v2\/categories?post=565"},{"taxonomy":"post_tag","embeddable":true,"href":"https:\/\/agora.xtec.cat\/ceip-jruyra-l-h\/wp-json\/wp\/v2\/tags?post=565"}],"curies":[{"name":"wp","href":"https:\/\/api.w.org\/{rel}","templated":true}]}}