{"id":5240,"date":"2023-06-12T11:00:39","date_gmt":"2023-06-12T09:00:39","guid":{"rendered":"https:\/\/agora.xtec.cat\/ceip-jruyra-l-h\/?p=5240"},"modified":"2023-09-01T17:32:50","modified_gmt":"2023-09-01T15:32:50","slug":"matricula","status":"publish","type":"post","link":"https:\/\/agora.xtec.cat\/ceip-jruyra-l-h\/general\/matricula\/","title":{"rendered":"Matricula presencial per alumnes nous &#8211; del 21 al 29 de juny."},"content":{"rendered":"<p>El proc\u00e9s de matr\u00edcula s&#8217;iniciar\u00e0 el proper <em><strong>dimarts 20 de juny i s&#8217;allargar\u00e0 fins al dimecres 28 de juny. <\/strong><\/em><\/p>\n<p>La matr\u00edcula es realitzar\u00e0 de forma presencial a l&#8217;escola, amb <strong>CITA PR\u00c8VIA<\/strong>, trucant al tel\u00e8fon de l&#8217;escola (<a href=\"tel:934406344\"><strong>934406344<\/strong><\/a>).<\/p>\n<p>Cal presentar una c\u00f2pia de la documentaci\u00f3 seg\u00fcent:<\/p>\n<ol>\n<li style=\"list-style-type: none;\">\n<ul class=\"llista-especial\">\n<li>3 fotografies mida carnet.<\/li>\n<li>Fotoc\u00f2pia de la Targeta Sanit\u00e0ria.<\/li>\n<li>Fotoc\u00f2pia del Carnet de Vacunes (actualitzat).<\/li>\n<li>Fotoc\u00f2pia del DNI \/ NIE \/ Passaport del pare, mare i nen\/a.<\/li>\n<li>Fotoc\u00f2pia del llibre de fam\u00edlia o partida de naixement de l&#8217;alumne\/a<\/li>\n<li>Certificat de conviv\u00e8ncia amb tots els membres que viuen amb l&#8217;alumne\/a.<\/li>\n<\/ul>\n<\/li>\n<\/ol>\n<p>&nbsp;<\/p>\n<p>&nbsp;<\/p>\n","protected":false},"excerpt":{"rendered":"<p>La matricula es realitzar\u00e0 de forma presencial a l&#8217;escola.&hellip;  <a href=\"https:\/\/agora.xtec.cat\/ceip-jruyra-l-h\/general\/matricula\/\" title=\"Read Matricula presencial per alumnes nous &#8211; del 21 al 29 de juny.\">Llegeix m\u00e9s\u00bb<\/a><\/p>\n","protected":false},"author":3,"featured_media":5241,"comment_status":"open","ping_status":"closed","sticky":true,"template":"","format":"standard","meta":{"_bbp_topic_count":0,"_bbp_reply_count":0,"_bbp_total_topic_count":0,"_bbp_total_reply_count":0,"_bbp_voice_count":0,"_bbp_anonymous_reply_count":0,"_bbp_topic_count_hidden":0,"_bbp_reply_count_hidden":0,"_bbp_forum_subforum_count":0,"footnotes":""},"categories":[1],"tags":[],"class_list":["post-5240","post","type-post","status-publish","format-standard","has-post-thumbnail","hentry","category-general"],"post_mailing_queue_ids":[],"_links":{"self":[{"href":"https:\/\/agora.xtec.cat\/ceip-jruyra-l-h\/wp-json\/wp\/v2\/posts\/5240","targetHints":{"allow":["GET"]}}],"collection":[{"href":"https:\/\/agora.xtec.cat\/ceip-jruyra-l-h\/wp-json\/wp\/v2\/posts"}],"about":[{"href":"https:\/\/agora.xtec.cat\/ceip-jruyra-l-h\/wp-json\/wp\/v2\/types\/post"}],"author":[{"embeddable":true,"href":"https:\/\/agora.xtec.cat\/ceip-jruyra-l-h\/wp-json\/wp\/v2\/users\/3"}],"replies":[{"embeddable":true,"href":"https:\/\/agora.xtec.cat\/ceip-jruyra-l-h\/wp-json\/wp\/v2\/comments?post=5240"}],"version-history":[{"count":3,"href":"https:\/\/agora.xtec.cat\/ceip-jruyra-l-h\/wp-json\/wp\/v2\/posts\/5240\/revisions"}],"predecessor-version":[{"id":14575,"href":"https:\/\/agora.xtec.cat\/ceip-jruyra-l-h\/wp-json\/wp\/v2\/posts\/5240\/revisions\/14575"}],"wp:featuredmedia":[{"embeddable":true,"href":"https:\/\/agora.xtec.cat\/ceip-jruyra-l-h\/wp-json\/wp\/v2\/media\/5241"}],"wp:attachment":[{"href":"https:\/\/agora.xtec.cat\/ceip-jruyra-l-h\/wp-json\/wp\/v2\/media?parent=5240"}],"wp:term":[{"taxonomy":"category","embeddable":true,"href":"https:\/\/agora.xtec.cat\/ceip-jruyra-l-h\/wp-json\/wp\/v2\/categories?post=5240"},{"taxonomy":"post_tag","embeddable":true,"href":"https:\/\/agora.xtec.cat\/ceip-jruyra-l-h\/wp-json\/wp\/v2\/tags?post=5240"}],"curies":[{"name":"wp","href":"https:\/\/api.w.org\/{rel}","templated":true}]}}