{"id":5235,"date":"2020-06-29T18:47:58","date_gmt":"2020-06-29T16:47:58","guid":{"rendered":"https:\/\/agora.xtec.cat\/ceip-jruyra-l-h\/?p=5235"},"modified":"2021-12-20T11:24:56","modified_gmt":"2021-12-20T10:24:56","slug":"lescola-de-vida-ja-te-pagina-web","status":"publish","type":"post","link":"https:\/\/agora.xtec.cat\/ceip-jruyra-l-h\/general\/lescola-de-vida-ja-te-pagina-web\/","title":{"rendered":"L&#8217;Escola de Vida ja t\u00e9 p\u00e0gina web!"},"content":{"rendered":"<p><a href=\"https:\/\/agora.xtec.cat\/ceip-jruyra-l-h\/wp-content\/uploads\/usu2049\/2019\/12\/IMG-20160406-WA0002.jpg\"><img loading=\"lazy\" decoding=\"async\" class=\"alignnone wp-image-1049\" src=\"https:\/\/agora.xtec.cat\/ceip-jruyra-l-h\/wp-content\/uploads\/usu2049\/2019\/12\/IMG-20160406-WA0002-1024x575.jpg\" sizes=\"auto, (max-width: 500px) 100vw, 500px\" srcset=\"https:\/\/agora.xtec.cat\/ceip-jruyra-l-h\/wp-content\/uploads\/usu2049\/2019\/12\/IMG-20160406-WA0002-1024x575.jpg 1024w, https:\/\/agora.xtec.cat\/ceip-jruyra-l-h\/wp-content\/uploads\/usu2049\/2019\/12\/IMG-20160406-WA0002-300x169.jpg 300w, https:\/\/agora.xtec.cat\/ceip-jruyra-l-h\/wp-content\/uploads\/usu2049\/2019\/12\/IMG-20160406-WA0002-768x431.jpg 768w, https:\/\/agora.xtec.cat\/ceip-jruyra-l-h\/wp-content\/uploads\/usu2049\/2019\/12\/IMG-20160406-WA0002.jpg 1296w\" alt=\"\" width=\"500\" height=\"281\" \/><\/a><\/p>\n<p><strong>La formaci\u00f3 de familiars<\/strong><strong>\u00a0<\/strong>incideix significativament en\u00a0l\u2019aprenentatge dels vostres fills i filles. Les Comunitats\u00a0d\u2019aprenentatge es caracteritzen per obrir les possibilitats\u00a0formatives no nom\u00e9s al professorat i l\u2019alumnat sin\u00f3 tamb\u00e9 als seus familiars. D\u2019aquesta manera s\u2019aconsegueix, a m\u00e9s d\u2019afavorir la\u00a0formaci\u00f3 demanada pels familiars, avan\u00e7ar cap a la coordinaci\u00f3\u00a0amb les fam\u00edlies, un dels aspectes on es posa m\u00e9s \u00e8mfasi des de\u00a0les Comunitats d\u2019Aprenentatge. Alguns exemples d\u2019aquestes\u00a0formacions que portem a terme a l\u2019Escola Joaquim Ruyra s\u00f3n d\u2019inform\u00e0tica i catal\u00e0. Tamb\u00e9 organitzem xerrades informatives sobre salut, internet segura, tradicions catalanes, etc.<\/p>\n<p>El curs 2019-2020 neix\u00a0<a href=\"https:\/\/escoladevida.cat\/\"><strong>l\u2019Escola de Vida Les Planes \u2013 Florida<\/strong><\/a> per donar resposta a les necessitats formatives de la poblaci\u00f3 de m\u00e9s de 16 anys del nostre barri i tota la localitat. Des de l\u2019escola participem activament en la creaci\u00f3 d\u2019aquest espai de formaci\u00f3, amb la Seu a les nostres instal\u00b7lacions. \u00c9s per nosaltres tot un luxe poder comptar amb una major oferta formativa per donar resposta a la Formaci\u00f3 de Familiars del nostre centre. Podeu trobar molta m\u00e9s informaci\u00f3<a href=\"https:\/\/escoladevida.cat\/\"> fent click aqu\u00ed <img loading=\"lazy\" decoding=\"async\" class=\"\" src=\"https:\/\/agora.xtec.cat\/ceipvictorcatala\/wp-content\/uploads\/usu1671\/2020\/05\/aqui%CC%81-2.png\" width=\"20\" height=\"20\" \/><\/a><\/p>\n<p><img loading=\"lazy\" decoding=\"async\" class=\"alignnone wp-image-5232 size-large\" src=\"https:\/\/agora.xtec.cat\/ceip-jruyra-l-h\/wp-content\/uploads\/usu2049\/2020\/06\/cats-4-1024x362.jpg\" sizes=\"auto, (max-width: 1024px) 100vw, 1024px\" srcset=\"https:\/\/agora.xtec.cat\/ceip-jruyra-l-h\/wp-content\/uploads\/usu2049\/2020\/06\/cats-4-1024x362.jpg 1024w, https:\/\/agora.xtec.cat\/ceip-jruyra-l-h\/wp-content\/uploads\/usu2049\/2020\/06\/cats-4-300x106.jpg 300w, https:\/\/agora.xtec.cat\/ceip-jruyra-l-h\/wp-content\/uploads\/usu2049\/2020\/06\/cats-4-768x271.jpg 768w, https:\/\/agora.xtec.cat\/ceip-jruyra-l-h\/wp-content\/uploads\/usu2049\/2020\/06\/cats-4.jpg 1239w\" alt=\"\" width=\"1024\" height=\"362\" \/><\/p>\n<p><strong><a href=\"https:\/\/escoladevida.cat\/\">www.escoladevida.cat<\/a><\/strong><\/p>\n","protected":false},"excerpt":{"rendered":"<p>La formaci\u00f3 de familiars incideix significativament en l\u2019aprenentatge dels vostres fills i filles. Les Comunitats d\u2019aprenentatge es caracteritzen per obrir les possibilitats formatives no nom\u00e9s al professorat i l\u2019alumnat sin\u00f3 tamb\u00e9 als seus familiars.&hellip;  <a href=\"https:\/\/agora.xtec.cat\/ceip-jruyra-l-h\/general\/lescola-de-vida-ja-te-pagina-web\/\" title=\"Read L&#8217;Escola de Vida ja t\u00e9 p\u00e0gina web!\">Llegeix m\u00e9s\u00bb<\/a><\/p>\n","protected":false},"author":3,"featured_media":5232,"comment_status":"open","ping_status":"closed","sticky":false,"template":"","format":"standard","meta":{"_bbp_topic_count":0,"_bbp_reply_count":0,"_bbp_total_topic_count":0,"_bbp_total_reply_count":0,"_bbp_voice_count":0,"_bbp_anonymous_reply_count":0,"_bbp_topic_count_hidden":0,"_bbp_reply_count_hidden":0,"_bbp_forum_subforum_count":0,"footnotes":""},"categories":[60,1],"tags":[71,83,65],"class_list":["post-5235","post","type-post","status-publish","format-standard","has-post-thumbnail","hentry","category-cdaxarxa","category-general","tag-actuacions-educatives-dexit","tag-comunitats-daprenentatge","tag-formacio-de-familiars"],"post_mailing_queue_ids":[],"_links":{"self":[{"href":"https:\/\/agora.xtec.cat\/ceip-jruyra-l-h\/wp-json\/wp\/v2\/posts\/5235","targetHints":{"allow":["GET"]}}],"collection":[{"href":"https:\/\/agora.xtec.cat\/ceip-jruyra-l-h\/wp-json\/wp\/v2\/posts"}],"about":[{"href":"https:\/\/agora.xtec.cat\/ceip-jruyra-l-h\/wp-json\/wp\/v2\/types\/post"}],"author":[{"embeddable":true,"href":"https:\/\/agora.xtec.cat\/ceip-jruyra-l-h\/wp-json\/wp\/v2\/users\/3"}],"replies":[{"embeddable":true,"href":"https:\/\/agora.xtec.cat\/ceip-jruyra-l-h\/wp-json\/wp\/v2\/comments?post=5235"}],"version-history":[{"count":3,"href":"https:\/\/agora.xtec.cat\/ceip-jruyra-l-h\/wp-json\/wp\/v2\/posts\/5235\/revisions"}],"predecessor-version":[{"id":5518,"href":"https:\/\/agora.xtec.cat\/ceip-jruyra-l-h\/wp-json\/wp\/v2\/posts\/5235\/revisions\/5518"}],"wp:featuredmedia":[{"embeddable":true,"href":"https:\/\/agora.xtec.cat\/ceip-jruyra-l-h\/wp-json\/wp\/v2\/media\/5232"}],"wp:attachment":[{"href":"https:\/\/agora.xtec.cat\/ceip-jruyra-l-h\/wp-json\/wp\/v2\/media?parent=5235"}],"wp:term":[{"taxonomy":"category","embeddable":true,"href":"https:\/\/agora.xtec.cat\/ceip-jruyra-l-h\/wp-json\/wp\/v2\/categories?post=5235"},{"taxonomy":"post_tag","embeddable":true,"href":"https:\/\/agora.xtec.cat\/ceip-jruyra-l-h\/wp-json\/wp\/v2\/tags?post=5235"}],"curies":[{"name":"wp","href":"https:\/\/api.w.org\/{rel}","templated":true}]}}