{"id":2338,"date":"2020-02-07T12:56:09","date_gmt":"2020-02-07T11:56:09","guid":{"rendered":"https:\/\/agora.xtec.cat\/ceip-jruyra-l-h\/?p=2338"},"modified":"2020-06-18T11:31:18","modified_gmt":"2020-06-18T09:31:18","slug":"tertulies-literaries-3r-platero-y-yo","status":"publish","type":"post","link":"https:\/\/agora.xtec.cat\/ceip-jruyra-l-h\/general\/tertulies-literaries-3r-platero-y-yo\/","title":{"rendered":"Tert\u00falies liter\u00e0ries 3r: &#8220;Platero y yo&#8221;"},"content":{"rendered":"<p>A les tert\u00falies liter\u00e0ries de 3r estem llegint &#8220;Platero y yo&#8221; de Juan Ram\u00f3n Jim\u00e9nez. Ens est\u00e0 encantant com Juan Ram\u00f3n ens explica les diferents an\u00e8cdotes, hist\u00f2ries i aventures viscudes amb el seu estimat Platero.<\/p>\n<p>La setmana passada vam llegir els cap\u00edtols anomenats &#8220;Los toros&#8221; i a partir d&#8217;aqu\u00ed van sorgir temes molt interessants, sobre el animals i la naturalesa.<\/p>\n<p>Aqu\u00ed us deixem un fragment on els alumnes parlen sobre si els animals tenen o no el dret de viure com nosaltres:<\/p>\n<blockquote><p><strong>D:<\/strong> Yo fui a ver una plaza de toros en Almer\u00eda. Me gust\u00f3 ver los toros. Vi tambi\u00e9n en una sala que hab\u00eda Cabezas de toros colgadas, como en algunos bares.<\/p>\n<p><strong>E:<\/strong> A m\u00ed no me gusta ver cabezas de animales, es un poco desagradable.<\/p>\n<p><strong>A:<\/strong> Yo creo que eso est\u00e1 mal porque los animales se merecen la vida igual que las personas.<\/p>\n<p><strong>F:<\/strong> Los animales merecen el mismo respeto.<\/p>\n<p><strong>S:<\/strong> Son seres vivos como nosotros.<\/p>\n<p><strong>I:<\/strong> Los animales tienen el mismo derecho de vivir, tambi\u00e9n tienen sentimientos.<\/p>\n<p>&nbsp;<\/p><\/blockquote>\n<p>Aqu\u00ed us deixem un altre fragment on van parlar sobre la contaminaci\u00f3 de la natura:<\/p>\n<blockquote><p><strong>I:<\/strong> Es verdad que la naturaleza es bella, hay cosas maravillosas.<\/p>\n<p><strong>Y:<\/strong> La naturaleza nos da lo que necesitamos, hay que cuidarla.<\/p>\n<p><strong>L:<\/strong> Tenemos que intentar no contaminar, para no destrozar los paisajes bonitos.<\/p>\n<p><strong>M:<\/strong> No tendr\u00edamos que tirar pl\u00e1sticos al mar, el mar al final se quedar\u00e1 sin peces. Es una pena.<\/p>\n<p><strong>D:<\/strong> Yo vi en Australia que hab\u00eda muchos bosques que se estaban quemando.<\/p>\n<p><strong>V:<\/strong> Yo tambi\u00e9n lo vi. Murieron muchos animales. Me dio mucha pena ver a los Koalas.<\/p><\/blockquote>\n<p>&nbsp;<\/p>\n<p>Estem desitjant continuar llegintel llibre per saber quines hist\u00f2ries ens continuar\u00e0 explicant Juan Ram\u00f3n!!!<\/p>\n<p>&nbsp;<\/p>\n<p><a href=\"https:\/\/agora.xtec.cat\/ceip-jruyra-l-h\/wp-content\/uploads\/usu2049\/2020\/02\/Platero-y-yo.jpg\"><img loading=\"lazy\" decoding=\"async\" class=\"size-full wp-image-2358 aligncenter\" src=\"https:\/\/agora.xtec.cat\/ceip-jruyra-l-h\/wp-content\/uploads\/usu2049\/2020\/02\/Platero-y-yo.jpg\" alt=\"\" width=\"307\" height=\"390\" srcset=\"https:\/\/agora.xtec.cat\/ceip-jruyra-l-h\/wp-content\/uploads\/usu2049\/2020\/02\/Platero-y-yo.jpg 307w, https:\/\/agora.xtec.cat\/ceip-jruyra-l-h\/wp-content\/uploads\/usu2049\/2020\/02\/Platero-y-yo-236x300.jpg 236w\" sizes=\"auto, (max-width: 307px) 100vw, 307px\" \/><\/a><\/p>\n<p>&nbsp;<\/p>\n<p>&nbsp;<\/p>\n","protected":false},"excerpt":{"rendered":"<p>A les tert\u00falies liter\u00e0ries de 3r estem llegint &#8220;Platero y yo&#8221; de Juan Ram\u00f3n Jim\u00e9nez. Ens est\u00e0 encantant com Juan Ram\u00f3n ens explica les diferents an\u00e8cdotes, hist\u00f2ries i aventures viscudes amb el seu estimat Platero.<br \/>\nLa setmana passada vam llegir els cap\u00edtols anomenats &#8220;Los toros&#8221; i&hellip;  <a href=\"https:\/\/agora.xtec.cat\/ceip-jruyra-l-h\/general\/tertulies-literaries-3r-platero-y-yo\/\" title=\"Read Tert\u00falies liter\u00e0ries 3r: &#8220;Platero y yo&#8221;\">Llegeix m\u00e9s\u00bb<\/a><\/p>\n","protected":false},"author":5,"featured_media":2358,"comment_status":"open","ping_status":"closed","sticky":false,"template":"","format":"standard","meta":{"_bbp_topic_count":0,"_bbp_reply_count":0,"_bbp_total_topic_count":0,"_bbp_total_reply_count":0,"_bbp_voice_count":0,"_bbp_anonymous_reply_count":0,"_bbp_topic_count_hidden":0,"_bbp_reply_count_hidden":0,"_bbp_forum_subforum_count":0,"footnotes":""},"categories":[60,1],"tags":[71,83,63],"class_list":["post-2338","post","type-post","status-publish","format-standard","has-post-thumbnail","hentry","category-cdaxarxa","category-general","tag-actuacions-educatives-dexit","tag-comunitats-daprenentatge","tag-tertulies-dialogiques"],"post_mailing_queue_ids":[],"_links":{"self":[{"href":"https:\/\/agora.xtec.cat\/ceip-jruyra-l-h\/wp-json\/wp\/v2\/posts\/2338","targetHints":{"allow":["GET"]}}],"collection":[{"href":"https:\/\/agora.xtec.cat\/ceip-jruyra-l-h\/wp-json\/wp\/v2\/posts"}],"about":[{"href":"https:\/\/agora.xtec.cat\/ceip-jruyra-l-h\/wp-json\/wp\/v2\/types\/post"}],"author":[{"embeddable":true,"href":"https:\/\/agora.xtec.cat\/ceip-jruyra-l-h\/wp-json\/wp\/v2\/users\/5"}],"replies":[{"embeddable":true,"href":"https:\/\/agora.xtec.cat\/ceip-jruyra-l-h\/wp-json\/wp\/v2\/comments?post=2338"}],"version-history":[{"count":3,"href":"https:\/\/agora.xtec.cat\/ceip-jruyra-l-h\/wp-json\/wp\/v2\/posts\/2338\/revisions"}],"predecessor-version":[{"id":2361,"href":"https:\/\/agora.xtec.cat\/ceip-jruyra-l-h\/wp-json\/wp\/v2\/posts\/2338\/revisions\/2361"}],"wp:featuredmedia":[{"embeddable":true,"href":"https:\/\/agora.xtec.cat\/ceip-jruyra-l-h\/wp-json\/wp\/v2\/media\/2358"}],"wp:attachment":[{"href":"https:\/\/agora.xtec.cat\/ceip-jruyra-l-h\/wp-json\/wp\/v2\/media?parent=2338"}],"wp:term":[{"taxonomy":"category","embeddable":true,"href":"https:\/\/agora.xtec.cat\/ceip-jruyra-l-h\/wp-json\/wp\/v2\/categories?post=2338"},{"taxonomy":"post_tag","embeddable":true,"href":"https:\/\/agora.xtec.cat\/ceip-jruyra-l-h\/wp-json\/wp\/v2\/tags?post=2338"}],"curies":[{"name":"wp","href":"https:\/\/api.w.org\/{rel}","templated":true}]}}