{"id":2266,"date":"2020-02-10T07:00:19","date_gmt":"2020-02-10T06:00:19","guid":{"rendered":"https:\/\/agora.xtec.cat\/ceip-jruyra-l-h\/?p=2266"},"modified":"2020-06-18T11:31:18","modified_gmt":"2020-06-18T09:31:18","slug":"formacio-per-a-families-i-mestres","status":"publish","type":"post","link":"https:\/\/agora.xtec.cat\/ceip-jruyra-l-h\/general\/formacio-per-a-families-i-mestres\/","title":{"rendered":"Formaci\u00f3 per a fam\u00edlies i mestres."},"content":{"rendered":"<p><a href=\"https:\/\/agora.xtec.cat\/ceip-jruyra-l-h\/wp-content\/uploads\/usu2049\/2020\/02\/Sense-pl\u00e0stics.jpg\"><img loading=\"lazy\" decoding=\"async\" class=\"alignnone size-full wp-image-2336\" src=\"https:\/\/agora.xtec.cat\/ceip-jruyra-l-h\/wp-content\/uploads\/usu2049\/2020\/02\/Sense-pl\u00e0stics.jpg\" alt=\"\" width=\"600\" height=\"900\" srcset=\"https:\/\/agora.xtec.cat\/ceip-jruyra-l-h\/wp-content\/uploads\/usu2049\/2020\/02\/Sense-pl\u00e0stics.jpg 600w, https:\/\/agora.xtec.cat\/ceip-jruyra-l-h\/wp-content\/uploads\/usu2049\/2020\/02\/Sense-pl\u00e0stics-200x300.jpg 200w\" sizes=\"auto, (max-width: 600px) 100vw, 600px\" \/><\/a><\/p>\n<p>El proper dimecres 12 de febrer tenim programada una formaci\u00f3 per tota la Comunitat Educativa. La Berta Garriga ens explicar\u00e0 com reduir la generaci\u00f3 de residus.<\/p>\n","protected":false},"excerpt":{"rendered":"<p><a href=\"https:\/\/agora.xtec.cat\/ceip-jruyra-l-h\/wp-content\/uploads\/usu2049\/2020\/02\/Sense-pl\u00e0stics.jpg\"><\/a><br \/>\nEl proper dimecres 12 de febrer tenim programada una formaci\u00f3 per tota la Comunitat Educativa. La Berta Garriga ens explicar\u00e0 com reduir la generaci\u00f3 de residus.<\/p>\n","protected":false},"author":3,"featured_media":2336,"comment_status":"open","ping_status":"closed","sticky":false,"template":"","format":"standard","meta":{"_bbp_topic_count":0,"_bbp_reply_count":0,"_bbp_total_topic_count":0,"_bbp_total_reply_count":0,"_bbp_voice_count":0,"_bbp_anonymous_reply_count":0,"_bbp_topic_count_hidden":0,"_bbp_reply_count_hidden":0,"_bbp_forum_subforum_count":0,"footnotes":""},"categories":[1],"tags":[71,83,65],"class_list":["post-2266","post","type-post","status-publish","format-standard","has-post-thumbnail","hentry","category-general","tag-actuacions-educatives-dexit","tag-comunitats-daprenentatge","tag-formacio-de-familiars"],"post_mailing_queue_ids":[],"_links":{"self":[{"href":"https:\/\/agora.xtec.cat\/ceip-jruyra-l-h\/wp-json\/wp\/v2\/posts\/2266","targetHints":{"allow":["GET"]}}],"collection":[{"href":"https:\/\/agora.xtec.cat\/ceip-jruyra-l-h\/wp-json\/wp\/v2\/posts"}],"about":[{"href":"https:\/\/agora.xtec.cat\/ceip-jruyra-l-h\/wp-json\/wp\/v2\/types\/post"}],"author":[{"embeddable":true,"href":"https:\/\/agora.xtec.cat\/ceip-jruyra-l-h\/wp-json\/wp\/v2\/users\/3"}],"replies":[{"embeddable":true,"href":"https:\/\/agora.xtec.cat\/ceip-jruyra-l-h\/wp-json\/wp\/v2\/comments?post=2266"}],"version-history":[{"count":2,"href":"https:\/\/agora.xtec.cat\/ceip-jruyra-l-h\/wp-json\/wp\/v2\/posts\/2266\/revisions"}],"predecessor-version":[{"id":2337,"href":"https:\/\/agora.xtec.cat\/ceip-jruyra-l-h\/wp-json\/wp\/v2\/posts\/2266\/revisions\/2337"}],"wp:featuredmedia":[{"embeddable":true,"href":"https:\/\/agora.xtec.cat\/ceip-jruyra-l-h\/wp-json\/wp\/v2\/media\/2336"}],"wp:attachment":[{"href":"https:\/\/agora.xtec.cat\/ceip-jruyra-l-h\/wp-json\/wp\/v2\/media?parent=2266"}],"wp:term":[{"taxonomy":"category","embeddable":true,"href":"https:\/\/agora.xtec.cat\/ceip-jruyra-l-h\/wp-json\/wp\/v2\/categories?post=2266"},{"taxonomy":"post_tag","embeddable":true,"href":"https:\/\/agora.xtec.cat\/ceip-jruyra-l-h\/wp-json\/wp\/v2\/tags?post=2266"}],"curies":[{"name":"wp","href":"https:\/\/api.w.org\/{rel}","templated":true}]}}