{"id":17540,"date":"2026-06-19T14:19:16","date_gmt":"2026-06-19T12:19:16","guid":{"rendered":"https:\/\/agora.xtec.cat\/ceip-jruyra-l-h\/?p=17540"},"modified":"2026-06-18T14:19:23","modified_gmt":"2026-06-18T12:19:23","slug":"i3-b-els-arbres-aniversaris-abril","status":"publish","type":"post","link":"https:\/\/agora.xtec.cat\/ceip-jruyra-l-h\/infantil\/i3\/i3-b-els-arbres-aniversaris-abril\/","title":{"rendered":"I3-B Els arbres: Aniversaris Abril"},"content":{"rendered":"<p>Hola fam\u00edlies,<\/p>\n<p>L\u2019aniversari de cada infant ha de ser un dia \u00fanic, especial i molt feli\u00e7 per a cadascun de nosaltres. Per tant, des de l\u2019escola Joaquim Ruyra dediquem l\u2019\u00faltim divendres del mes per celebrar els aniversari dels vostres fills i filles.<\/p>\n<p>Al mes d&#8217;abril, la Cattleya ha fet 4 anyets i la classe dels arbres hem passat una s\u00faper tarda amb molta m\u00fasica, ball i diversi\u00f3. Per molts anys, Cattleya!!!!<\/p>\n<p>En aquest enlla\u00e7, podeu trobar les fotos de l\u2019aniversari de la Cattleya. Desitjo molt que us agradin fam\u00edlies \ud83d\ude42<\/p>\n<p><a href=\"https:\/\/drive.google.com\/drive\/folders\/1JuOG7_GCcYhPz69ovwmSDoweCpXo0d9w?usp=drive_link\">https:\/\/drive.google.com\/drive\/folders\/1JuOG7_GCcYhPz69ovwmSDoweCpXo0d9w?usp=drive_link<\/a><\/p>\n","protected":false},"excerpt":{"rendered":"<p>Hola fam\u00edlies,<br \/>\nL\u2019aniversari de cada infant ha de ser un dia \u00fanic, especial i molt feli\u00e7 per a cadascun de nosaltres. Per tant, des de l\u2019escola Joaquim Ruyra dediquem l\u2019\u00faltim divendres del mes per celebrar els aniversari dels vostres fills i filles.<br \/>\nAl mes d&#8217;abril, la Cattleya&hellip;  <a href=\"https:\/\/agora.xtec.cat\/ceip-jruyra-l-h\/infantil\/i3\/i3-b-els-arbres-aniversaris-abril\/\" title=\"Read I3-B Els arbres: Aniversaris Abril\">Llegeix m\u00e9s\u00bb<\/a><\/p>\n","protected":false},"author":1,"featured_media":15697,"comment_status":"open","ping_status":"open","sticky":false,"template":"","format":"standard","meta":{"_bbp_topic_count":0,"_bbp_reply_count":0,"_bbp_total_topic_count":0,"_bbp_total_reply_count":0,"_bbp_voice_count":0,"_bbp_anonymous_reply_count":0,"_bbp_topic_count_hidden":0,"_bbp_reply_count_hidden":0,"_bbp_forum_subforum_count":0,"footnotes":""},"categories":[3],"tags":[],"class_list":["post-17540","post","type-post","status-publish","format-standard","has-post-thumbnail","hentry","category-i3"],"post_mailing_queue_ids":[],"_links":{"self":[{"href":"https:\/\/agora.xtec.cat\/ceip-jruyra-l-h\/wp-json\/wp\/v2\/posts\/17540","targetHints":{"allow":["GET"]}}],"collection":[{"href":"https:\/\/agora.xtec.cat\/ceip-jruyra-l-h\/wp-json\/wp\/v2\/posts"}],"about":[{"href":"https:\/\/agora.xtec.cat\/ceip-jruyra-l-h\/wp-json\/wp\/v2\/types\/post"}],"author":[{"embeddable":true,"href":"https:\/\/agora.xtec.cat\/ceip-jruyra-l-h\/wp-json\/wp\/v2\/users\/1"}],"replies":[{"embeddable":true,"href":"https:\/\/agora.xtec.cat\/ceip-jruyra-l-h\/wp-json\/wp\/v2\/comments?post=17540"}],"version-history":[{"count":1,"href":"https:\/\/agora.xtec.cat\/ceip-jruyra-l-h\/wp-json\/wp\/v2\/posts\/17540\/revisions"}],"predecessor-version":[{"id":17541,"href":"https:\/\/agora.xtec.cat\/ceip-jruyra-l-h\/wp-json\/wp\/v2\/posts\/17540\/revisions\/17541"}],"wp:featuredmedia":[{"embeddable":true,"href":"https:\/\/agora.xtec.cat\/ceip-jruyra-l-h\/wp-json\/wp\/v2\/media\/15697"}],"wp:attachment":[{"href":"https:\/\/agora.xtec.cat\/ceip-jruyra-l-h\/wp-json\/wp\/v2\/media?parent=17540"}],"wp:term":[{"taxonomy":"category","embeddable":true,"href":"https:\/\/agora.xtec.cat\/ceip-jruyra-l-h\/wp-json\/wp\/v2\/categories?post=17540"},{"taxonomy":"post_tag","embeddable":true,"href":"https:\/\/agora.xtec.cat\/ceip-jruyra-l-h\/wp-json\/wp\/v2\/tags?post=17540"}],"curies":[{"name":"wp","href":"https:\/\/api.w.org\/{rel}","templated":true}]}}