{"id":17434,"date":"2026-04-30T12:16:13","date_gmt":"2026-04-30T10:16:13","guid":{"rendered":"https:\/\/agora.xtec.cat\/ceip-jruyra-l-h\/?p=17434"},"modified":"2026-04-30T12:16:13","modified_gmt":"2026-04-30T10:16:13","slug":"els-infants-de-cicle-superior-visiten-la-sagrada-familia","status":"publish","type":"post","link":"https:\/\/agora.xtec.cat\/ceip-jruyra-l-h\/primaria\/5e\/els-infants-de-cicle-superior-visiten-la-sagrada-familia\/","title":{"rendered":"Els infants de Cicle Superior visiten la Sagrada Fam\u00edlia!"},"content":{"rendered":"<p class=\"isSelectedEnd\">Els i les alumnes de 5\u00e8 i 6\u00e8 vam viure una jornada molt especial plena d\u2019aprenentatges i bons moments compartits. Al mat\u00ed, vam anar al <strong>parc de Gl\u00f2ries<\/strong>, un espai ampli i agradable on vam poder jugar, riure i gaudir de la companyia dels nostres companys i companyes. Entre jocs i converses, vam enfortir els vincles del grup i vam passar una estona molt divertida.<\/p>\n<p class=\"isSelectedEnd\">Despr\u00e9s d\u2019aquesta estona de lleure, vam continuar la sortida amb la visita a la <strong>Sagrada Fam\u00edlia<\/strong>. Acompanyats d\u2019una guia, vam tenir l\u2019oportunitat de descobrir tant l\u2019exterior com l\u2019interior d\u2019aquest emblem\u00e0tic edifici. Les seves explicacions ens van permetre con\u00e8ixer millor la hist\u00f2ria del monument, el proc\u00e9s de construcci\u00f3 i els nombrosos detalls art\u00edstics que s\u2019hi amaguen.<\/p>\n<p>La visita ens va impressionar molt: vam poder observar de prop les formes, els colors i la llum que fan d\u2019aquest espai un lloc \u00fanic. A m\u00e9s, vam aprendre moltes coses noves que ens van ajudar a entendre la import\u00e0ncia cultural i arquitect\u00f2nica d\u2019aquest monument.<\/p>\n<p>En el seg\u00fcent <a href=\"https:\/\/drive.google.com\/drive\/folders\/1y21TWezDkbuW-5vHyBvFz50cG_gYjDwD\">enlla\u00e7<\/a> podeu veure les fotografies!!<\/p>\n","protected":false},"excerpt":{"rendered":"<p>Els i les alumnes de 5\u00e8 i 6\u00e8 vam viure una jornada molt especial plena d\u2019aprenentatges i bons moments compartits. Al mat\u00ed, vam anar al parc de Gl\u00f2ries, un espai ampli i agradable on vam poder jugar, riure i gaudir de la companyia dels nostres&hellip;  <a href=\"https:\/\/agora.xtec.cat\/ceip-jruyra-l-h\/primaria\/5e\/els-infants-de-cicle-superior-visiten-la-sagrada-familia\/\" title=\"Read Els infants de Cicle Superior visiten la Sagrada Fam\u00edlia!\">Llegeix m\u00e9s\u00bb<\/a><\/p>\n","protected":false},"author":74,"featured_media":17463,"comment_status":"open","ping_status":"open","sticky":false,"template":"","format":"standard","meta":{"_bbp_topic_count":0,"_bbp_reply_count":0,"_bbp_total_topic_count":0,"_bbp_total_reply_count":0,"_bbp_voice_count":0,"_bbp_anonymous_reply_count":0,"_bbp_topic_count_hidden":0,"_bbp_reply_count_hidden":0,"_bbp_forum_subforum_count":0,"footnotes":""},"categories":[14,15],"tags":[],"class_list":["post-17434","post","type-post","status-publish","format-standard","has-post-thumbnail","hentry","category-5e","category-6e"],"post_mailing_queue_ids":[],"_links":{"self":[{"href":"https:\/\/agora.xtec.cat\/ceip-jruyra-l-h\/wp-json\/wp\/v2\/posts\/17434","targetHints":{"allow":["GET"]}}],"collection":[{"href":"https:\/\/agora.xtec.cat\/ceip-jruyra-l-h\/wp-json\/wp\/v2\/posts"}],"about":[{"href":"https:\/\/agora.xtec.cat\/ceip-jruyra-l-h\/wp-json\/wp\/v2\/types\/post"}],"author":[{"embeddable":true,"href":"https:\/\/agora.xtec.cat\/ceip-jruyra-l-h\/wp-json\/wp\/v2\/users\/74"}],"replies":[{"embeddable":true,"href":"https:\/\/agora.xtec.cat\/ceip-jruyra-l-h\/wp-json\/wp\/v2\/comments?post=17434"}],"version-history":[{"count":2,"href":"https:\/\/agora.xtec.cat\/ceip-jruyra-l-h\/wp-json\/wp\/v2\/posts\/17434\/revisions"}],"predecessor-version":[{"id":17461,"href":"https:\/\/agora.xtec.cat\/ceip-jruyra-l-h\/wp-json\/wp\/v2\/posts\/17434\/revisions\/17461"}],"wp:featuredmedia":[{"embeddable":true,"href":"https:\/\/agora.xtec.cat\/ceip-jruyra-l-h\/wp-json\/wp\/v2\/media\/17463"}],"wp:attachment":[{"href":"https:\/\/agora.xtec.cat\/ceip-jruyra-l-h\/wp-json\/wp\/v2\/media?parent=17434"}],"wp:term":[{"taxonomy":"category","embeddable":true,"href":"https:\/\/agora.xtec.cat\/ceip-jruyra-l-h\/wp-json\/wp\/v2\/categories?post=17434"},{"taxonomy":"post_tag","embeddable":true,"href":"https:\/\/agora.xtec.cat\/ceip-jruyra-l-h\/wp-json\/wp\/v2\/tags?post=17434"}],"curies":[{"name":"wp","href":"https:\/\/api.w.org\/{rel}","templated":true}]}}