{"id":17424,"date":"2026-04-19T20:33:21","date_gmt":"2026-04-19T18:33:21","guid":{"rendered":"https:\/\/agora.xtec.cat\/ceip-jruyra-l-h\/?p=17424"},"modified":"2026-04-16T20:33:30","modified_gmt":"2026-04-16T18:33:30","slug":"experts-i-expertes-en-salut-bucodental%f0%9f%a6%b7","status":"publish","type":"post","link":"https:\/\/agora.xtec.cat\/ceip-jruyra-l-h\/primaria\/2n\/experts-i-expertes-en-salut-bucodental%f0%9f%a6%b7\/","title":{"rendered":"Experts i expertes en salut bucodental\ud83e\uddb7"},"content":{"rendered":"<p data-start=\"58\" data-end=\"273\">L\u2019alumnat de 2nA i 2nB s\u2019ha convertit en un aut\u00e8ntic equip d\u2019experts i expertes en salut bucodental! \ud83e\uddb7\u2728<br data-start=\"162\" data-end=\"165\" \/>Amb molta curiositat (i esperit investigador!), han sortit a explorar les classes de prim\u00e0ria per descobrir:<\/p>\n<ul data-start=\"275\" data-end=\"440\">\n<li data-section-id=\"q0a05w\" data-start=\"275\" data-end=\"308\">Quina classe t\u00e9 m\u00e9s c\u00e0ries \ud83d\ude2c<\/li>\n<li data-section-id=\"176t0g3\" data-start=\"309\" data-end=\"355\">Qui es renta les dents 3 vegades al dia \ud83e\udea5<\/li>\n<li data-section-id=\"1ca0879\" data-start=\"356\" data-end=\"399\">Qui visita m\u00e9s sovint el dentista \ud83d\udc69\u200d\u2695\ufe0f<\/li>\n<li data-section-id=\"mzc481\" data-start=\"400\" data-end=\"440\">I a qui li han caigut m\u00e9s dents \ud83e\uddb7\ud83c\udf89<\/li>\n<\/ul>\n<p data-start=\"442\" data-end=\"581\"><img loading=\"lazy\" decoding=\"async\" class=\"wp-image-17425 alignleft\" src=\"https:\/\/agora.xtec.cat\/ceip-jruyra-l-h\/wp-content\/uploads\/usu2049\/2026\/04\/Grafics.png\" alt=\"\" width=\"257\" height=\"324\" srcset=\"https:\/\/agora.xtec.cat\/ceip-jruyra-l-h\/wp-content\/uploads\/usu2049\/2026\/04\/Grafics.png 561w, https:\/\/agora.xtec.cat\/ceip-jruyra-l-h\/wp-content\/uploads\/usu2049\/2026\/04\/Grafics-238x300.png 238w\" sizes=\"auto, (max-width: 257px) 100vw, 257px\" \/><\/p>\n<p data-start=\"442\" data-end=\"581\">Amb totes aquestes dades a la m\u00e0, han creat uns fant\u00e0stics gr\u00e0fics de barres que ens permeten veure clarament els resultats de cada classe.<\/p>\n<p data-start=\"442\" data-end=\"581\">\u00a0<img loading=\"lazy\" decoding=\"async\" class=\"alignnone wp-image-17427\" src=\"https:\/\/agora.xtec.cat\/ceip-jruyra-l-h\/wp-content\/uploads\/usu2049\/2026\/04\/grafics-2.png\" alt=\"\" width=\"257\" height=\"267\" srcset=\"https:\/\/agora.xtec.cat\/ceip-jruyra-l-h\/wp-content\/uploads\/usu2049\/2026\/04\/grafics-2.png 496w, https:\/\/agora.xtec.cat\/ceip-jruyra-l-h\/wp-content\/uploads\/usu2049\/2026\/04\/grafics-2-288x300.png 288w\" sizes=\"auto, (max-width: 257px) 100vw, 257px\" \/> <img loading=\"lazy\" decoding=\"async\" class=\"alignnone wp-image-17428\" src=\"https:\/\/agora.xtec.cat\/ceip-jruyra-l-h\/wp-content\/uploads\/usu2049\/2026\/04\/grafics-1.png\" alt=\"\" width=\"198\" height=\"268\" srcset=\"https:\/\/agora.xtec.cat\/ceip-jruyra-l-h\/wp-content\/uploads\/usu2049\/2026\/04\/grafics-1.png 510w, https:\/\/agora.xtec.cat\/ceip-jruyra-l-h\/wp-content\/uploads\/usu2049\/2026\/04\/grafics-1-221x300.png 221w\" sizes=\"auto, (max-width: 198px) 100vw, 198px\" \/><\/p>\n<p data-start=\"583\" data-end=\"750\">Ha estat una experi\u00e8ncia molt enriquidora i divertida, on hem investigat, treballat en equip i fet de petits estad\u00edstics tot aprenent un munt sobre dades i salut! \ud83d\udcca\ud83d\udca1<\/p>\n<p data-start=\"583\" data-end=\"750\"><a href=\"https:\/\/drive.google.com\/drive\/folders\/1z8ohudqlGHOk6glols_uCsW2hxViLPzv?usp=drive_link\">Fotografies del projecte.<\/a><\/p>\n","protected":false},"excerpt":{"rendered":"<p>L\u2019alumnat de 2nA i 2nB s\u2019ha convertit en un aut\u00e8ntic equip d\u2019experts i expertes en salut bucodental! \ud83e\uddb7\u2728Amb molta curiositat (i esperit investigador!), han sortit a explorar les classes de prim\u00e0ria per descobrir:<\/p>\n<ul data-start=\"275\" data-end=\"440\">\n<li data-section-id=\"q0a05w\" data-start=\"275\" data-end=\"308\">Quina classe t\u00e9 m\u00e9s c\u00e0ries \ud83d\ude2c<\/li>\n<li data-section-id=\"176t0g3\" data-start=\"309\"&hellip;  <a href=\"https:\/\/agora.xtec.cat\/ceip-jruyra-l-h\/primaria\/2n\/experts-i-expertes-en-salut-bucodental%f0%9f%a6%b7\/\" title=\"Read Experts i expertes en salut bucodental\ud83e\uddb7\">Llegeix m\u00e9s\u00bb<\/a><br \/>\n","protected":false},"author":71,"featured_media":17426,"comment_status":"open","ping_status":"open","sticky":false,"template":"","format":"standard","meta":{"_bbp_topic_count":0,"_bbp_reply_count":0,"_bbp_total_topic_count":0,"_bbp_total_reply_count":0,"_bbp_voice_count":0,"_bbp_anonymous_reply_count":0,"_bbp_topic_count_hidden":0,"_bbp_reply_count_hidden":0,"_bbp_forum_subforum_count":0,"footnotes":""},"categories":[11],"tags":[],"class_list":["post-17424","post","type-post","status-publish","format-standard","has-post-thumbnail","hentry","category-2n"],"post_mailing_queue_ids":[],"_links":{"self":[{"href":"https:\/\/agora.xtec.cat\/ceip-jruyra-l-h\/wp-json\/wp\/v2\/posts\/17424","targetHints":{"allow":["GET"]}}],"collection":[{"href":"https:\/\/agora.xtec.cat\/ceip-jruyra-l-h\/wp-json\/wp\/v2\/posts"}],"about":[{"href":"https:\/\/agora.xtec.cat\/ceip-jruyra-l-h\/wp-json\/wp\/v2\/types\/post"}],"author":[{"embeddable":true,"href":"https:\/\/agora.xtec.cat\/ceip-jruyra-l-h\/wp-json\/wp\/v2\/users\/71"}],"replies":[{"embeddable":true,"href":"https:\/\/agora.xtec.cat\/ceip-jruyra-l-h\/wp-json\/wp\/v2\/comments?post=17424"}],"version-history":[{"count":1,"href":"https:\/\/agora.xtec.cat\/ceip-jruyra-l-h\/wp-json\/wp\/v2\/posts\/17424\/revisions"}],"predecessor-version":[{"id":17429,"href":"https:\/\/agora.xtec.cat\/ceip-jruyra-l-h\/wp-json\/wp\/v2\/posts\/17424\/revisions\/17429"}],"wp:featuredmedia":[{"embeddable":true,"href":"https:\/\/agora.xtec.cat\/ceip-jruyra-l-h\/wp-json\/wp\/v2\/media\/17426"}],"wp:attachment":[{"href":"https:\/\/agora.xtec.cat\/ceip-jruyra-l-h\/wp-json\/wp\/v2\/media?parent=17424"}],"wp:term":[{"taxonomy":"category","embeddable":true,"href":"https:\/\/agora.xtec.cat\/ceip-jruyra-l-h\/wp-json\/wp\/v2\/categories?post=17424"},{"taxonomy":"post_tag","embeddable":true,"href":"https:\/\/agora.xtec.cat\/ceip-jruyra-l-h\/wp-json\/wp\/v2\/tags?post=17424"}],"curies":[{"name":"wp","href":"https:\/\/api.w.org\/{rel}","templated":true}]}}