{"id":17416,"date":"2026-04-17T13:48:57","date_gmt":"2026-04-17T11:48:57","guid":{"rendered":"https:\/\/agora.xtec.cat\/ceip-jruyra-l-h\/?p=17416"},"modified":"2026-04-15T13:49:08","modified_gmt":"2026-04-15T11:49:08","slug":"els-infants-de-1r-gaudeixen-de-lactivitat-acrobacia-salta-i-brinca","status":"publish","type":"post","link":"https:\/\/agora.xtec.cat\/ceip-jruyra-l-h\/primaria\/1r\/els-infants-de-1r-gaudeixen-de-lactivitat-acrobacia-salta-i-brinca\/","title":{"rendered":"Els infants de 1r gaudeixen de l\u2019activitat \u201cAcrob\u00e0cia Salta i Brinca\u201d"},"content":{"rendered":"<p class=\"isSelectedEnd\">Els nens i nenes de 1r de l\u2019escola han viscut una experi\u00e8ncia molt especial amb l\u2019activitat \u201cAcrob\u00e0cia Salta i Brinca\u201d, realitzada al poliesportiu Gornal.<\/p>\n<p class=\"isSelectedEnd\">Vam passar un mat\u00ed d\u2019all\u00f2 m\u00e9s entretingut i actiu, on les monitores ens van preparar diversos circuits d\u2019acrob\u00e0cia adaptats a la nostra edat. Al llarg de la jornada, els alumnes van poder posar a prova les seves habilitats en diferents estacions: paral\u00b7leles, equilibris sobre barres, tombarelles i altres exercicis que combinaven coordinaci\u00f3, for\u00e7a i diversi\u00f3.<\/p>\n<p class=\"isSelectedEnd\">Una de les activitats m\u00e9s esperades va ser el salt al llit el\u00e0stic, que ens va encantar saltar en ell!<\/p>\n<p>Ha estat una sortida molt enriquidora, tant a nivell motriu com de conviv\u00e8ncia, i sens dubte ens hem quedat amb ganes de repetir l\u2019experi\u00e8ncia!<\/p>\n<p>En el seg\u00fcent <a href=\"https:\/\/drive.google.com\/drive\/folders\/1mkG43hovVovNqCN15P63dYUp11rsPKEE\">enlla\u00e7<\/a> podeu veure les fotografies!<\/p>\n","protected":false},"excerpt":{"rendered":"<p>Els nens i nenes de 1r de l\u2019escola han viscut una experi\u00e8ncia molt especial amb l\u2019activitat \u201cAcrob\u00e0cia Salta i Brinca\u201d, realitzada al poliesportiu Gornal.<br \/>\nVam passar un mat\u00ed d\u2019all\u00f2 m\u00e9s entretingut i actiu, on les monitores ens van preparar diversos circuits d\u2019acrob\u00e0cia adaptats a la nostra&hellip;  <a href=\"https:\/\/agora.xtec.cat\/ceip-jruyra-l-h\/primaria\/1r\/els-infants-de-1r-gaudeixen-de-lactivitat-acrobacia-salta-i-brinca\/\" title=\"Read Els infants de 1r gaudeixen de l\u2019activitat \u201cAcrob\u00e0cia Salta i Brinca\u201d\">Llegeix m\u00e9s\u00bb<\/a><\/p>\n","protected":false},"author":74,"featured_media":17417,"comment_status":"open","ping_status":"open","sticky":false,"template":"","format":"standard","meta":{"_bbp_topic_count":0,"_bbp_reply_count":0,"_bbp_total_topic_count":0,"_bbp_total_reply_count":0,"_bbp_voice_count":0,"_bbp_anonymous_reply_count":0,"_bbp_topic_count_hidden":0,"_bbp_reply_count_hidden":0,"_bbp_forum_subforum_count":0,"footnotes":""},"categories":[10],"tags":[],"class_list":["post-17416","post","type-post","status-publish","format-standard","has-post-thumbnail","hentry","category-1r"],"post_mailing_queue_ids":[],"_links":{"self":[{"href":"https:\/\/agora.xtec.cat\/ceip-jruyra-l-h\/wp-json\/wp\/v2\/posts\/17416","targetHints":{"allow":["GET"]}}],"collection":[{"href":"https:\/\/agora.xtec.cat\/ceip-jruyra-l-h\/wp-json\/wp\/v2\/posts"}],"about":[{"href":"https:\/\/agora.xtec.cat\/ceip-jruyra-l-h\/wp-json\/wp\/v2\/types\/post"}],"author":[{"embeddable":true,"href":"https:\/\/agora.xtec.cat\/ceip-jruyra-l-h\/wp-json\/wp\/v2\/users\/74"}],"replies":[{"embeddable":true,"href":"https:\/\/agora.xtec.cat\/ceip-jruyra-l-h\/wp-json\/wp\/v2\/comments?post=17416"}],"version-history":[{"count":2,"href":"https:\/\/agora.xtec.cat\/ceip-jruyra-l-h\/wp-json\/wp\/v2\/posts\/17416\/revisions"}],"predecessor-version":[{"id":17419,"href":"https:\/\/agora.xtec.cat\/ceip-jruyra-l-h\/wp-json\/wp\/v2\/posts\/17416\/revisions\/17419"}],"wp:featuredmedia":[{"embeddable":true,"href":"https:\/\/agora.xtec.cat\/ceip-jruyra-l-h\/wp-json\/wp\/v2\/media\/17417"}],"wp:attachment":[{"href":"https:\/\/agora.xtec.cat\/ceip-jruyra-l-h\/wp-json\/wp\/v2\/media?parent=17416"}],"wp:term":[{"taxonomy":"category","embeddable":true,"href":"https:\/\/agora.xtec.cat\/ceip-jruyra-l-h\/wp-json\/wp\/v2\/categories?post=17416"},{"taxonomy":"post_tag","embeddable":true,"href":"https:\/\/agora.xtec.cat\/ceip-jruyra-l-h\/wp-json\/wp\/v2\/tags?post=17416"}],"curies":[{"name":"wp","href":"https:\/\/api.w.org\/{rel}","templated":true}]}}