{"id":17409,"date":"2026-04-16T09:19:33","date_gmt":"2026-04-16T07:19:33","guid":{"rendered":"https:\/\/agora.xtec.cat\/ceip-jruyra-l-h\/?p=17409"},"modified":"2026-04-14T09:20:36","modified_gmt":"2026-04-14T07:20:36","slug":"torneig-johann-cruyff","status":"publish","type":"post","link":"https:\/\/agora.xtec.cat\/ceip-jruyra-l-h\/primaria\/6e\/torneig-johann-cruyff\/","title":{"rendered":"Torneig Johann Cruyff"},"content":{"rendered":"<div class=\"gs\">\n<div class=\"\">\n<div id=\":mi\" class=\"ii gt\">\n<div id=\":mh\" class=\"a3s aiL\">\n<div id=\"avWBGd-20\">\n<div>\n<div>\n<p>El passat divendres, els nens i nenes de 6\u00e8 van participar en un torneig de futbol organitzat per la Fundaci\u00f3 Johan Cruyff. Va ser un mat\u00ed molt entretingut i ple d\u2019activitat, en qu\u00e8 l\u2019alumnat va poder gaudir no nom\u00e9s del futbol, sin\u00f3 tamb\u00e9 d\u2019altres propostes l\u00fadiques que s\u2019havien preparat, com v\u00f2lei, tennis taula i escacs.<\/p>\n<p>Durant la jornada vam compartir l\u2019experi\u00e8ncia amb dues escoles m\u00e9s de l\u2019Hospitalet, fet que va permetre fomentar la conviv\u00e8ncia, el treball en equip i l\u2019esportivitat entre tots els participants.<\/p>\n<p>Per acabar el mat\u00ed, es va fer una entrega de premis molt especial: tots els nens i nenes van rebre una medalla per la seva participaci\u00f3 i implicaci\u00f3. L\u2019alumnat va sortir molt content i satisfet d\u2019haver gaudit d\u2019una jornada esportiva tan completa i divertida.<\/p>\n<p>Podeu veure les fotografies en el seg\u00fcent <a href=\"https:\/\/drive.google.com\/drive\/folders\/19spZk7In8926AAer8Fz9fIgJTlX5zruM\">enlla\u00e7.<\/a><\/p>\n<div class=\"yj6qo\"><\/div>\n<div class=\"adL\"><\/div>\n<\/div>\n<div class=\"adL\"><\/div>\n<\/div>\n<div class=\"adL\"><\/div>\n<\/div>\n<\/div>\n<\/div>\n<div id=\"avWBGd-21\" class=\"WhmR8e\" data-hash=\"0\"><\/div>\n<\/div>\n<\/div>\n","protected":false},"excerpt":{"rendered":"<p>El passat divendres, els nens i nenes de 6\u00e8 van participar en un torneig de futbol organitzat per la Fundaci\u00f3 Johan Cruyff. Va ser un mat\u00ed molt entretingut i ple d\u2019activitat, en qu\u00e8 l\u2019alumnat va poder gaudir no nom\u00e9s del futbol, sin\u00f3 tamb\u00e9 d\u2019altres propostes&hellip;  <a href=\"https:\/\/agora.xtec.cat\/ceip-jruyra-l-h\/primaria\/6e\/torneig-johann-cruyff\/\" title=\"Read Torneig Johann Cruyff\">Llegeix m\u00e9s\u00bb<\/a><\/p>\n","protected":false},"author":74,"featured_media":17410,"comment_status":"open","ping_status":"open","sticky":false,"template":"","format":"standard","meta":{"_bbp_topic_count":0,"_bbp_reply_count":0,"_bbp_total_topic_count":0,"_bbp_total_reply_count":0,"_bbp_voice_count":0,"_bbp_anonymous_reply_count":0,"_bbp_topic_count_hidden":0,"_bbp_reply_count_hidden":0,"_bbp_forum_subforum_count":0,"footnotes":""},"categories":[15],"tags":[],"class_list":["post-17409","post","type-post","status-publish","format-standard","has-post-thumbnail","hentry","category-6e"],"post_mailing_queue_ids":[],"_links":{"self":[{"href":"https:\/\/agora.xtec.cat\/ceip-jruyra-l-h\/wp-json\/wp\/v2\/posts\/17409","targetHints":{"allow":["GET"]}}],"collection":[{"href":"https:\/\/agora.xtec.cat\/ceip-jruyra-l-h\/wp-json\/wp\/v2\/posts"}],"about":[{"href":"https:\/\/agora.xtec.cat\/ceip-jruyra-l-h\/wp-json\/wp\/v2\/types\/post"}],"author":[{"embeddable":true,"href":"https:\/\/agora.xtec.cat\/ceip-jruyra-l-h\/wp-json\/wp\/v2\/users\/74"}],"replies":[{"embeddable":true,"href":"https:\/\/agora.xtec.cat\/ceip-jruyra-l-h\/wp-json\/wp\/v2\/comments?post=17409"}],"version-history":[{"count":1,"href":"https:\/\/agora.xtec.cat\/ceip-jruyra-l-h\/wp-json\/wp\/v2\/posts\/17409\/revisions"}],"predecessor-version":[{"id":17411,"href":"https:\/\/agora.xtec.cat\/ceip-jruyra-l-h\/wp-json\/wp\/v2\/posts\/17409\/revisions\/17411"}],"wp:featuredmedia":[{"embeddable":true,"href":"https:\/\/agora.xtec.cat\/ceip-jruyra-l-h\/wp-json\/wp\/v2\/media\/17410"}],"wp:attachment":[{"href":"https:\/\/agora.xtec.cat\/ceip-jruyra-l-h\/wp-json\/wp\/v2\/media?parent=17409"}],"wp:term":[{"taxonomy":"category","embeddable":true,"href":"https:\/\/agora.xtec.cat\/ceip-jruyra-l-h\/wp-json\/wp\/v2\/categories?post=17409"},{"taxonomy":"post_tag","embeddable":true,"href":"https:\/\/agora.xtec.cat\/ceip-jruyra-l-h\/wp-json\/wp\/v2\/tags?post=17409"}],"curies":[{"name":"wp","href":"https:\/\/api.w.org\/{rel}","templated":true}]}}