{"id":17407,"date":"2026-04-14T09:18:59","date_gmt":"2026-04-14T07:18:59","guid":{"rendered":"https:\/\/agora.xtec.cat\/ceip-jruyra-l-h\/?p=17407"},"modified":"2026-04-14T09:18:59","modified_gmt":"2026-04-14T07:18:59","slug":"els-infants-di4-fem-la-mona-de-xocolata","status":"publish","type":"post","link":"https:\/\/agora.xtec.cat\/ceip-jruyra-l-h\/infantil\/i4\/els-infants-di4-fem-la-mona-de-xocolata\/","title":{"rendered":"Els infants d&#8217;I4 fem la mona de xocolata"},"content":{"rendered":"<p class=\"isSelectedEnd\">Hola fam\u00edlies! Volem compartir amb vosaltres una activitat molt especial que hem viscut a l\u2019aula.<\/p>\n<p class=\"isSelectedEnd\">Hem rebut la visita de la Vella Quaresma, que setmanalment ens ha anat portant petits regalets: galetes salades, palets de pa, xocolata\u2026 i finalment, els ingredients per fer la tan esperada mona de Pasqua!<\/p>\n<p class=\"isSelectedEnd\">Nosaltres tamb\u00e9 l\u2019hem ajudat en el seu cam\u00ed: cada setmana li hem tret una cama i, a m\u00e9s, li hem cantat la seva can\u00e7\u00f3 amb molta il\u00b7lusi\u00f3. Ha estat una experi\u00e8ncia molt divertida i significativa per a tots i totes.<\/p>\n<p class=\"isSelectedEnd\">Per acabar, vam elaborar la nostra mona de Pasqua amb pa de pessic i xocolata desfeta. La vam decorar amb lacasitos, plomes i un pollet ben bonic.<\/p>\n<p class=\"isSelectedEnd\">I el millor de tot\u2026 ens la vam menjar a la classe!<\/p>\n<p class=\"isSelectedEnd\">Ens ho hem passat d\u2019all\u00f2 m\u00e9s b\u00e9!<\/p>\n<p>Us deixem unes <a href=\"https:\/\/drive.google.com\/drive\/u\/0\/folders\/1ibwJkj3Ur2gueNw6UAUinDkgFzwsVag0\">fotos<\/a> perqu\u00e8 pugueu veure com ho hem gaudit.<\/p>\n","protected":false},"excerpt":{"rendered":"<p>Hola fam\u00edlies! Volem compartir amb vosaltres una activitat molt especial que hem viscut a l\u2019aula.<br \/>\nHem rebut la visita de la Vella Quaresma, que setmanalment ens ha anat portant petits regalets: galetes salades, palets de pa, xocolata\u2026 i finalment, els ingredients per fer la tan esperada&hellip;  <a href=\"https:\/\/agora.xtec.cat\/ceip-jruyra-l-h\/infantil\/i4\/els-infants-di4-fem-la-mona-de-xocolata\/\" title=\"Read Els infants d&#8217;I4 fem la mona de xocolata\">Llegeix m\u00e9s\u00bb<\/a><\/p>\n","protected":false},"author":63,"featured_media":16711,"comment_status":"open","ping_status":"open","sticky":false,"template":"","format":"standard","meta":{"_bbp_topic_count":0,"_bbp_reply_count":0,"_bbp_total_topic_count":0,"_bbp_total_reply_count":0,"_bbp_voice_count":0,"_bbp_anonymous_reply_count":0,"_bbp_topic_count_hidden":0,"_bbp_reply_count_hidden":0,"_bbp_forum_subforum_count":0,"footnotes":""},"categories":[8],"tags":[],"class_list":["post-17407","post","type-post","status-publish","format-standard","has-post-thumbnail","hentry","category-i4"],"post_mailing_queue_ids":[],"_links":{"self":[{"href":"https:\/\/agora.xtec.cat\/ceip-jruyra-l-h\/wp-json\/wp\/v2\/posts\/17407","targetHints":{"allow":["GET"]}}],"collection":[{"href":"https:\/\/agora.xtec.cat\/ceip-jruyra-l-h\/wp-json\/wp\/v2\/posts"}],"about":[{"href":"https:\/\/agora.xtec.cat\/ceip-jruyra-l-h\/wp-json\/wp\/v2\/types\/post"}],"author":[{"embeddable":true,"href":"https:\/\/agora.xtec.cat\/ceip-jruyra-l-h\/wp-json\/wp\/v2\/users\/63"}],"replies":[{"embeddable":true,"href":"https:\/\/agora.xtec.cat\/ceip-jruyra-l-h\/wp-json\/wp\/v2\/comments?post=17407"}],"version-history":[{"count":1,"href":"https:\/\/agora.xtec.cat\/ceip-jruyra-l-h\/wp-json\/wp\/v2\/posts\/17407\/revisions"}],"predecessor-version":[{"id":17408,"href":"https:\/\/agora.xtec.cat\/ceip-jruyra-l-h\/wp-json\/wp\/v2\/posts\/17407\/revisions\/17408"}],"wp:featuredmedia":[{"embeddable":true,"href":"https:\/\/agora.xtec.cat\/ceip-jruyra-l-h\/wp-json\/wp\/v2\/media\/16711"}],"wp:attachment":[{"href":"https:\/\/agora.xtec.cat\/ceip-jruyra-l-h\/wp-json\/wp\/v2\/media?parent=17407"}],"wp:term":[{"taxonomy":"category","embeddable":true,"href":"https:\/\/agora.xtec.cat\/ceip-jruyra-l-h\/wp-json\/wp\/v2\/categories?post=17407"},{"taxonomy":"post_tag","embeddable":true,"href":"https:\/\/agora.xtec.cat\/ceip-jruyra-l-h\/wp-json\/wp\/v2\/tags?post=17407"}],"curies":[{"name":"wp","href":"https:\/\/api.w.org\/{rel}","templated":true}]}}