{"id":17402,"date":"2026-04-09T12:56:36","date_gmt":"2026-04-09T10:56:36","guid":{"rendered":"https:\/\/agora.xtec.cat\/ceip-jruyra-l-h\/?p=17402"},"modified":"2026-04-07T12:56:44","modified_gmt":"2026-04-07T10:56:44","slug":"cicle-superior-dona-la-benvinguda-a-la-pasqua-amb-un-intercicle-dactivitats","status":"publish","type":"post","link":"https:\/\/agora.xtec.cat\/ceip-jruyra-l-h\/primaria\/5e\/cicle-superior-dona-la-benvinguda-a-la-pasqua-amb-un-intercicle-dactivitats\/","title":{"rendered":"Cicle Superior dona la benvinguda a la Pasqua amb un intercicle d\u2019activitats!"},"content":{"rendered":"<p>Abans de les vacances de Setmana Santa, els i les alumnes de cicle superior vam participar en un intercicle d\u2019activitats de Pasqua organitzat per compartir una estona l\u00fadica i divertida plegats.<\/p>\n<p>Durant el mat\u00ed, els infants es van distribuir en diferents espais on van poder gaudir de diverses propostes. En una de les activitats, van posar a prova els seus coneixements amb un Kahoot ple de preguntes relacionades amb la Pasqua, que va generar molta emoci\u00f3 i ganes de participar. Tamb\u00e9 van gaudir d\u2019un taller de papirofl\u00e8xia molt creatiu, on van aprendre a fer un conill de Pasqua pas a pas.<\/p>\n<p>En un altre espai, els alumnes van realitzar passatemps de tem\u00e0tica pasqual, com sopes de lletres i mandales, que van permetre treballar la concentraci\u00f3 i la creativitat d\u2019una manera tranquil\u00b7la i entretinguda. Finalment, una de les activitats m\u00e9s esperades va ser la recerca d\u2019ous de Pasqua, on els infants van haver de buscar-los tot col\u00b7laborant i compartint pistes amb els companys i companyes.<\/p>\n<p>Va ser una jornada molt especial en qu\u00e8 els alumnes s\u2019ho van passar d\u2019all\u00f2 m\u00e9s b\u00e9 compartint estones junts, fomentant la conviv\u00e8ncia i gaudint d\u2019un ambient festiu abans d\u2019iniciar les vacances de Setmana Santa.<\/p>\n<p>En el seg\u00fcent <a href=\"https:\/\/drive.google.com\/drive\/folders\/1H3yz8iiOESr3mddCa4AIIe56rlfWfXMk\">enlla\u00e7<\/a> podeu veure totes les fotografies.<\/p>\n","protected":false},"excerpt":{"rendered":"<p>Abans de les vacances de Setmana Santa, els i les alumnes de cicle superior vam participar en un intercicle d\u2019activitats de Pasqua organitzat per compartir una estona l\u00fadica i divertida plegats.<br \/>\nDurant el mat\u00ed, els infants es van distribuir en diferents espais on van poder gaudir&hellip;  <a href=\"https:\/\/agora.xtec.cat\/ceip-jruyra-l-h\/primaria\/5e\/cicle-superior-dona-la-benvinguda-a-la-pasqua-amb-un-intercicle-dactivitats\/\" title=\"Read Cicle Superior dona la benvinguda a la Pasqua amb un intercicle d\u2019activitats!\">Llegeix m\u00e9s\u00bb<\/a><\/p>\n","protected":false},"author":74,"featured_media":17403,"comment_status":"open","ping_status":"open","sticky":false,"template":"","format":"standard","meta":{"_bbp_topic_count":0,"_bbp_reply_count":0,"_bbp_total_topic_count":0,"_bbp_total_reply_count":0,"_bbp_voice_count":0,"_bbp_anonymous_reply_count":0,"_bbp_topic_count_hidden":0,"_bbp_reply_count_hidden":0,"_bbp_forum_subforum_count":0,"footnotes":""},"categories":[14,15],"tags":[],"class_list":["post-17402","post","type-post","status-publish","format-standard","has-post-thumbnail","hentry","category-5e","category-6e"],"post_mailing_queue_ids":[],"_links":{"self":[{"href":"https:\/\/agora.xtec.cat\/ceip-jruyra-l-h\/wp-json\/wp\/v2\/posts\/17402","targetHints":{"allow":["GET"]}}],"collection":[{"href":"https:\/\/agora.xtec.cat\/ceip-jruyra-l-h\/wp-json\/wp\/v2\/posts"}],"about":[{"href":"https:\/\/agora.xtec.cat\/ceip-jruyra-l-h\/wp-json\/wp\/v2\/types\/post"}],"author":[{"embeddable":true,"href":"https:\/\/agora.xtec.cat\/ceip-jruyra-l-h\/wp-json\/wp\/v2\/users\/74"}],"replies":[{"embeddable":true,"href":"https:\/\/agora.xtec.cat\/ceip-jruyra-l-h\/wp-json\/wp\/v2\/comments?post=17402"}],"version-history":[{"count":1,"href":"https:\/\/agora.xtec.cat\/ceip-jruyra-l-h\/wp-json\/wp\/v2\/posts\/17402\/revisions"}],"predecessor-version":[{"id":17404,"href":"https:\/\/agora.xtec.cat\/ceip-jruyra-l-h\/wp-json\/wp\/v2\/posts\/17402\/revisions\/17404"}],"wp:featuredmedia":[{"embeddable":true,"href":"https:\/\/agora.xtec.cat\/ceip-jruyra-l-h\/wp-json\/wp\/v2\/media\/17403"}],"wp:attachment":[{"href":"https:\/\/agora.xtec.cat\/ceip-jruyra-l-h\/wp-json\/wp\/v2\/media?parent=17402"}],"wp:term":[{"taxonomy":"category","embeddable":true,"href":"https:\/\/agora.xtec.cat\/ceip-jruyra-l-h\/wp-json\/wp\/v2\/categories?post=17402"},{"taxonomy":"post_tag","embeddable":true,"href":"https:\/\/agora.xtec.cat\/ceip-jruyra-l-h\/wp-json\/wp\/v2\/tags?post=17402"}],"curies":[{"name":"wp","href":"https:\/\/api.w.org\/{rel}","templated":true}]}}