{"id":17398,"date":"2026-04-08T07:16:53","date_gmt":"2026-04-08T05:16:53","guid":{"rendered":"https:\/\/agora.xtec.cat\/ceip-jruyra-l-h\/?p=17398"},"modified":"2026-04-07T07:17:16","modified_gmt":"2026-04-07T05:17:16","slug":"i5c-la-quaresma-ja-ha-marxat","status":"publish","type":"post","link":"https:\/\/agora.xtec.cat\/ceip-jruyra-l-h\/infantil\/i5\/i5c-la-quaresma-ja-ha-marxat\/","title":{"rendered":"I5C: LA QUARESMA JA HA MARXAT"},"content":{"rendered":"<p><strong>La Vella Quaresma ens acompanya fins a Pasqua!<\/strong><\/p>\n<p>Durant aquestes setmanes, els nens i nenes de la classe de les Onades han viscut una experi\u00e8ncia molt especial amb la Vella Quaresma. Cada setmana, amb molta il\u00b7lusi\u00f3, li hem anat traient una cama\u2026 i quina sorpresa! Sempre ens deixava algun detallet ben dol\u00e7 que ens feia somriure i esperar amb ganes el seg\u00fcent dia.<\/p>\n<p>A trav\u00e9s d\u2019aquesta tradici\u00f3, hem apr\u00e8s a comptar les setmanes que ens porten fins a la Pasqua, tot compartint moments plens d\u2019emoci\u00f3, curiositat i alegria. La Vella Quaresma s\u2019ha convertit en una gran companya dins l\u2019aula!<\/p>\n<p>I finalment\u2026 ha arribat la Pasqua! Per celebrar-ho, hem fet la nostra pr\u00f2pia mona. Ens ho hem passat d\u2019all\u00f2 m\u00e9s b\u00e9 preparant un delici\u00f3s pa de pessic, cobrint-lo amb xocolata i decorant-lo amb lacasitos i plomes de colors. Han quedat unes mones precioses i bon\u00edssimes!<\/p>\n<p>Ha estat una activitat molt dol\u00e7a i divertida que ens ha perm\u00e8s treballar en equip i gaudir\u00a0 d\u2019una manera ben especial.<\/p>\n<p>Mireu que b\u00e9 ens ho hem passat!<\/p>\n<p><a href=\"https:\/\/drive.google.com\/drive\/folders\/1Wy6uKNjeRpVL4pUk2eRJxfSbYcpxH62K\">https:\/\/drive.google.com\/drive\/folders\/1Wy6uKNjeRpVL4pUk2eRJxfSbYcpxH62K<\/a><\/p>\n<p>&nbsp;<\/p>\n","protected":false},"excerpt":{"rendered":"<p>La Vella Quaresma ens acompanya fins a Pasqua!<br \/>\nDurant aquestes setmanes, els nens i nenes de la classe de les Onades han viscut una experi\u00e8ncia molt especial amb la Vella Quaresma. Cada setmana, amb molta il\u00b7lusi\u00f3, li hem anat traient una cama\u2026 i quina sorpresa! Sempre&hellip;  <a href=\"https:\/\/agora.xtec.cat\/ceip-jruyra-l-h\/infantil\/i5\/i5c-la-quaresma-ja-ha-marxat\/\" title=\"Read I5C: LA QUARESMA JA HA MARXAT\">Llegeix m\u00e9s\u00bb<\/a><\/p>\n","protected":false},"author":73,"featured_media":17395,"comment_status":"open","ping_status":"open","sticky":false,"template":"","format":"standard","meta":{"_bbp_topic_count":0,"_bbp_reply_count":0,"_bbp_total_topic_count":0,"_bbp_total_reply_count":0,"_bbp_voice_count":0,"_bbp_anonymous_reply_count":0,"_bbp_topic_count_hidden":0,"_bbp_reply_count_hidden":0,"_bbp_forum_subforum_count":0,"footnotes":""},"categories":[9],"tags":[],"class_list":["post-17398","post","type-post","status-publish","format-standard","has-post-thumbnail","hentry","category-i5"],"post_mailing_queue_ids":[],"_links":{"self":[{"href":"https:\/\/agora.xtec.cat\/ceip-jruyra-l-h\/wp-json\/wp\/v2\/posts\/17398","targetHints":{"allow":["GET"]}}],"collection":[{"href":"https:\/\/agora.xtec.cat\/ceip-jruyra-l-h\/wp-json\/wp\/v2\/posts"}],"about":[{"href":"https:\/\/agora.xtec.cat\/ceip-jruyra-l-h\/wp-json\/wp\/v2\/types\/post"}],"author":[{"embeddable":true,"href":"https:\/\/agora.xtec.cat\/ceip-jruyra-l-h\/wp-json\/wp\/v2\/users\/73"}],"replies":[{"embeddable":true,"href":"https:\/\/agora.xtec.cat\/ceip-jruyra-l-h\/wp-json\/wp\/v2\/comments?post=17398"}],"version-history":[{"count":1,"href":"https:\/\/agora.xtec.cat\/ceip-jruyra-l-h\/wp-json\/wp\/v2\/posts\/17398\/revisions"}],"predecessor-version":[{"id":17399,"href":"https:\/\/agora.xtec.cat\/ceip-jruyra-l-h\/wp-json\/wp\/v2\/posts\/17398\/revisions\/17399"}],"wp:featuredmedia":[{"embeddable":true,"href":"https:\/\/agora.xtec.cat\/ceip-jruyra-l-h\/wp-json\/wp\/v2\/media\/17395"}],"wp:attachment":[{"href":"https:\/\/agora.xtec.cat\/ceip-jruyra-l-h\/wp-json\/wp\/v2\/media?parent=17398"}],"wp:term":[{"taxonomy":"category","embeddable":true,"href":"https:\/\/agora.xtec.cat\/ceip-jruyra-l-h\/wp-json\/wp\/v2\/categories?post=17398"},{"taxonomy":"post_tag","embeddable":true,"href":"https:\/\/agora.xtec.cat\/ceip-jruyra-l-h\/wp-json\/wp\/v2\/tags?post=17398"}],"curies":[{"name":"wp","href":"https:\/\/api.w.org\/{rel}","templated":true}]}}