{"id":17390,"date":"2026-04-05T12:36:30","date_gmt":"2026-04-05T10:36:30","guid":{"rendered":"https:\/\/agora.xtec.cat\/ceip-jruyra-l-h\/?p=17390"},"modified":"2026-03-31T12:36:38","modified_gmt":"2026-03-31T10:36:38","slug":"i3-els-bolets-i-els-arbres-visitem-la-granja-les-tanques","status":"publish","type":"post","link":"https:\/\/agora.xtec.cat\/ceip-jruyra-l-h\/infantil\/i3\/i3-els-bolets-i-els-arbres-visitem-la-granja-les-tanques\/","title":{"rendered":"I3: Els bolets i els arbres visitem la granja &#8220;Les Tanques&#8221;"},"content":{"rendered":"<p>Hola fam\u00edlies,<\/p>\n<p>El passat 17\/03, els infants d\u2019I3 van fer una sortida a la granja <em>\u201cLes Tanques\u201d<\/em> a Viladecans. Els bolets i els arbres estaven ben emocionats i tot ho miraven amb molt\u00edssima il\u00b7lusi\u00f3 i curiositat.<\/p>\n<p>Durant la sortida, en Joel va ser el nostre monitor i va explicar-nos les diferents activitats que dur\u00edem a terme. Primerament, els bolets i els arbres van con\u00e8ixer dos ponis molt bufons, van pentinar la seva llarga melena i van pujar a donar una volta per les instal\u00b7lacions. Quina emoci\u00f3 fam\u00edlies!!!! Tot seguit, en Joel va ensenyar-nos els diferents animals que vivien all\u00e0 a la granja. El recorregut va comen\u00e7ar amb les gallines on els bolets i els arbres van tocar el seu suau pelatge. Despr\u00e9s, van veure que els conillets tamb\u00e9 tenien un pelatge molt suau i n\u2019hi havia molts en la seva casa. Oh, s\u00f3n molt bonics!!!! Amb les ovelles i les cabres ens ho vam passar s\u00faper b\u00e9, ja que els vam donar de menjar pinso i com menjaven de b\u00e9 i molt i molt r\u00e0pid. Tamb\u00e9 van veure un pa\u00f3 real amb una gran creta en tonalitats blaves i verdes brillants, un burro que no parava pas quiet i que li agradava menjar molta poma i una vaca que tamb\u00e9 menjava poma. El recorregut es va acabant fam\u00edlies, per\u00f2 encara falten m\u00e9s animals que van veure els bolets i els arbres: el porquet, molt mandr\u00f3s i que estava descansant, les oques que garrulaven molt i els \u00e0necs que passejaven per l\u2019aigua. Ah, i tamb\u00e9 vam veure alguna tortuga dintre de l\u2019estany. I fins aqu\u00ed, les activitats que van fer els nens i les nenes d\u2019I3.<\/p>\n<p>Una vegada finalitzat el recorregut per la granja, els bolets i els arbres van dinar i despr\u00e9s van jugar una estona en el parc infantil que hi havia all\u00e0 amb una tirolina, una cama el\u00e0stica, un inflable, un gronxador, tobogans i estructures de fusta. Qu\u00e8 b\u00e9 que ho van passar els bolets i els arbres!!!! Va ser una sortida molt bonica i van aprendre molt fam\u00edlies!!!! \ud83d\ude42<\/p>\n<p>En aquest enlla\u00e7, trobareu un v\u00eddeo i fotos de la sortida. Desitgem molt que us agradin fam\u00edlies.<\/p>\n<p><a href=\"https:\/\/drive.google.com\/drive\/folders\/1y1pQ74mh_irFv1sXaOaF6m0t1iC2ScBK?usp=sharing\">https:\/\/drive.google.com\/drive\/folders\/1y1pQ74mh_irFv1sXaOaF6m0t1iC2ScBK?usp=sharing<\/a><\/p>\n","protected":false},"excerpt":{"rendered":"<p>Hola fam\u00edlies,<br \/>\nEl passat 17\/03, els infants d\u2019I3 van fer una sortida a la granja \u201cLes Tanques\u201d a Viladecans. Els bolets i els arbres estaven ben emocionats i tot ho miraven amb molt\u00edssima il\u00b7lusi\u00f3 i curiositat.<br \/>\nDurant la sortida, en Joel va ser el nostre monitor i&hellip;  <a href=\"https:\/\/agora.xtec.cat\/ceip-jruyra-l-h\/infantil\/i3\/i3-els-bolets-i-els-arbres-visitem-la-granja-les-tanques\/\" title=\"Read I3: Els bolets i els arbres visitem la granja &#8220;Les Tanques&#8221;\">Llegeix m\u00e9s\u00bb<\/a><\/p>\n","protected":false},"author":79,"featured_media":0,"comment_status":"open","ping_status":"open","sticky":false,"template":"","format":"standard","meta":{"_bbp_topic_count":0,"_bbp_reply_count":0,"_bbp_total_topic_count":0,"_bbp_total_reply_count":0,"_bbp_voice_count":0,"_bbp_anonymous_reply_count":0,"_bbp_topic_count_hidden":0,"_bbp_reply_count_hidden":0,"_bbp_forum_subforum_count":0,"footnotes":""},"categories":[3],"tags":[],"class_list":["post-17390","post","type-post","status-publish","format-standard","hentry","category-i3"],"post_mailing_queue_ids":[],"_links":{"self":[{"href":"https:\/\/agora.xtec.cat\/ceip-jruyra-l-h\/wp-json\/wp\/v2\/posts\/17390","targetHints":{"allow":["GET"]}}],"collection":[{"href":"https:\/\/agora.xtec.cat\/ceip-jruyra-l-h\/wp-json\/wp\/v2\/posts"}],"about":[{"href":"https:\/\/agora.xtec.cat\/ceip-jruyra-l-h\/wp-json\/wp\/v2\/types\/post"}],"author":[{"embeddable":true,"href":"https:\/\/agora.xtec.cat\/ceip-jruyra-l-h\/wp-json\/wp\/v2\/users\/79"}],"replies":[{"embeddable":true,"href":"https:\/\/agora.xtec.cat\/ceip-jruyra-l-h\/wp-json\/wp\/v2\/comments?post=17390"}],"version-history":[{"count":1,"href":"https:\/\/agora.xtec.cat\/ceip-jruyra-l-h\/wp-json\/wp\/v2\/posts\/17390\/revisions"}],"predecessor-version":[{"id":17392,"href":"https:\/\/agora.xtec.cat\/ceip-jruyra-l-h\/wp-json\/wp\/v2\/posts\/17390\/revisions\/17392"}],"wp:attachment":[{"href":"https:\/\/agora.xtec.cat\/ceip-jruyra-l-h\/wp-json\/wp\/v2\/media?parent=17390"}],"wp:term":[{"taxonomy":"category","embeddable":true,"href":"https:\/\/agora.xtec.cat\/ceip-jruyra-l-h\/wp-json\/wp\/v2\/categories?post=17390"},{"taxonomy":"post_tag","embeddable":true,"href":"https:\/\/agora.xtec.cat\/ceip-jruyra-l-h\/wp-json\/wp\/v2\/tags?post=17390"}],"curies":[{"name":"wp","href":"https:\/\/api.w.org\/{rel}","templated":true}]}}