{"id":17386,"date":"2026-03-29T18:31:08","date_gmt":"2026-03-29T16:31:08","guid":{"rendered":"https:\/\/agora.xtec.cat\/ceip-jruyra-l-h\/?p=17386"},"modified":"2026-03-28T18:31:22","modified_gmt":"2026-03-28T17:31:22","slug":"i3-b-els-arbres-els-regalets-de-la-vella-quaresma","status":"publish","type":"post","link":"https:\/\/agora.xtec.cat\/ceip-jruyra-l-h\/infantil\/i3\/i3-b-els-arbres-els-regalets-de-la-vella-quaresma\/","title":{"rendered":"I3-B Els arbres: Els regalets de la Vella Quaresma"},"content":{"rendered":"<p>Hola fam\u00edlies,<\/p>\n<p>La Vella Quaresma \u00e9s una tradici\u00f3 catalana que representa les set setmanes entre el <em>\u201cDimecres de cendra\u201d<\/em> i la <em>\u201cSetmana Santa\u201d<\/em>. \u00c9s una vella amb set cames que es col\u00b7loca a l\u2019aula per comptar els dies que queden fins a la Pasqua i cada setmana se li treu una de les cames. En aquest cas, cada divendres, la classe dels arbres, hem dedicat una estoneta en cantar-li la can\u00e7\u00f3, treure-li la cama i veure els regalets que ens havia portat. A continuaci\u00f3, us deixo els regalets que ens ha anat portant.<\/p>\n<ul>\n<li>Quan li vam treure la primera cama, la Vella Quaresma ens va portar <strong>dues tabletes de xocolata<\/strong>.<\/li>\n<li>Quan li vam treure la segona cama, la Vella Quaresma ens va portar <strong>galetes<\/strong>.<\/li>\n<li>Quan li vam treure la tercera cama, la Vella Quaresma ens va portar <strong>palmeres<\/strong>.<\/li>\n<li>Quan li vam treure la quarta cama, la Vella Quaresma ens va portar <strong>palitos<\/strong>.<\/li>\n<li>Quan li vam treure la cinquena cama, la Vella Quaresma ens va portar <strong>galetes salades<\/strong>.<\/li>\n<li>I a la sisena cama, la Vella Quaresma ens va portar els ingredients per fer la mona: <strong>pa de pessic<\/strong>, <strong>xocolata<\/strong> i <strong>lacasitos<\/strong>.<\/li>\n<\/ul>\n<p>La classe dels arbres s&#8217;ho ha passat molt b\u00e9, hem gaudit molt amb els regalets i quina diversi\u00f3 hem tingut tots els divendres!!!! Gr\u00e0cies per tot Vella Quaresma, ja et trobem a faltar. Fins l&#8217;any vinent!!!!<\/p>\n<p>En aquest enlla\u00e7, podeu trobar totes les fotos dels regalets que ens ha portat la Vella Quaresma. Desitjo molt que us agradin fam\u00edlies :).<\/p>\n<p><a href=\"https:\/\/drive.google.com\/drive\/folders\/1GxErFWrRBrb9tsiw-S8jrworzxtGQYBB?usp=drive_link\">https:\/\/drive.google.com\/drive\/folders\/1GxErFWrRBrb9tsiw-S8jrworzxtGQYBB?usp=drive_link<\/a><\/p>\n","protected":false},"excerpt":{"rendered":"<p>Hola fam\u00edlies,<br \/>\nLa Vella Quaresma \u00e9s una tradici\u00f3 catalana que representa les set setmanes entre el \u201cDimecres de cendra\u201d i la \u201cSetmana Santa\u201d. \u00c9s una vella amb set cames que es col\u00b7loca a l\u2019aula per comptar els dies que queden fins a la Pasqua i cada&hellip;  <a href=\"https:\/\/agora.xtec.cat\/ceip-jruyra-l-h\/infantil\/i3\/i3-b-els-arbres-els-regalets-de-la-vella-quaresma\/\" title=\"Read I3-B Els arbres: Els regalets de la Vella Quaresma\">Llegeix m\u00e9s\u00bb<\/a><\/p>\n","protected":false},"author":79,"featured_media":15381,"comment_status":"open","ping_status":"open","sticky":false,"template":"","format":"standard","meta":{"_bbp_topic_count":0,"_bbp_reply_count":0,"_bbp_total_topic_count":0,"_bbp_total_reply_count":0,"_bbp_voice_count":0,"_bbp_anonymous_reply_count":0,"_bbp_topic_count_hidden":0,"_bbp_reply_count_hidden":0,"_bbp_forum_subforum_count":0,"footnotes":""},"categories":[3],"tags":[],"class_list":["post-17386","post","type-post","status-publish","format-standard","has-post-thumbnail","hentry","category-i3"],"post_mailing_queue_ids":[],"_links":{"self":[{"href":"https:\/\/agora.xtec.cat\/ceip-jruyra-l-h\/wp-json\/wp\/v2\/posts\/17386","targetHints":{"allow":["GET"]}}],"collection":[{"href":"https:\/\/agora.xtec.cat\/ceip-jruyra-l-h\/wp-json\/wp\/v2\/posts"}],"about":[{"href":"https:\/\/agora.xtec.cat\/ceip-jruyra-l-h\/wp-json\/wp\/v2\/types\/post"}],"author":[{"embeddable":true,"href":"https:\/\/agora.xtec.cat\/ceip-jruyra-l-h\/wp-json\/wp\/v2\/users\/79"}],"replies":[{"embeddable":true,"href":"https:\/\/agora.xtec.cat\/ceip-jruyra-l-h\/wp-json\/wp\/v2\/comments?post=17386"}],"version-history":[{"count":1,"href":"https:\/\/agora.xtec.cat\/ceip-jruyra-l-h\/wp-json\/wp\/v2\/posts\/17386\/revisions"}],"predecessor-version":[{"id":17387,"href":"https:\/\/agora.xtec.cat\/ceip-jruyra-l-h\/wp-json\/wp\/v2\/posts\/17386\/revisions\/17387"}],"wp:featuredmedia":[{"embeddable":true,"href":"https:\/\/agora.xtec.cat\/ceip-jruyra-l-h\/wp-json\/wp\/v2\/media\/15381"}],"wp:attachment":[{"href":"https:\/\/agora.xtec.cat\/ceip-jruyra-l-h\/wp-json\/wp\/v2\/media?parent=17386"}],"wp:term":[{"taxonomy":"category","embeddable":true,"href":"https:\/\/agora.xtec.cat\/ceip-jruyra-l-h\/wp-json\/wp\/v2\/categories?post=17386"},{"taxonomy":"post_tag","embeddable":true,"href":"https:\/\/agora.xtec.cat\/ceip-jruyra-l-h\/wp-json\/wp\/v2\/tags?post=17386"}],"curies":[{"name":"wp","href":"https:\/\/api.w.org\/{rel}","templated":true}]}}