{"id":17375,"date":"2026-04-03T12:35:55","date_gmt":"2026-04-03T10:35:55","guid":{"rendered":"https:\/\/agora.xtec.cat\/ceip-jruyra-l-h\/?p=17375"},"modified":"2026-03-31T12:36:06","modified_gmt":"2026-03-31T10:36:06","slug":"i3-b-els-arbres-expressio-plastica","status":"publish","type":"post","link":"https:\/\/agora.xtec.cat\/ceip-jruyra-l-h\/infantil\/i3\/i3-b-els-arbres-expressio-plastica\/","title":{"rendered":"I3-B Els arbres: Expressi\u00f3 pl\u00e0stica"},"content":{"rendered":"<p>3Hola fam\u00edlies,<\/p>\n<p>Al llarg d&#8217;aquest segon trimestre, hem treballat l&#8217;hivern, el color blau i el quadrat. Per tant, la classe dels arbres ha realitzat unes obres art\u00edstiques ben boniques en relaci\u00f3 amb aquests tres elements. Ens ho hem passat s\u00faper b\u00e9 i hem gaudit molt tots plegats!!!!!<\/p>\n<p>En aquest enlla\u00e7, podeu trobar totes les fotos de les activitats realitzades. Desitjo molt que us agradin fam\u00edlies :).<\/p>\n<p><a href=\"https:\/\/drive.google.com\/drive\/folders\/1maxDAKaPe8zIQO76rG1vjCCvdjFaM9_2?usp=drive_link\">https:\/\/drive.google.com\/drive\/folders\/1maxDAKaPe8zIQO76rG1vjCCvdjFaM9_2?usp=drive_link<\/a><\/p>\n","protected":false},"excerpt":{"rendered":"<p>3Hola fam\u00edlies,<br \/>\nAl llarg d&#8217;aquest segon trimestre, hem treballat l&#8217;hivern, el color blau i el quadrat. Per tant, la classe dels arbres ha realitzat unes obres art\u00edstiques ben boniques en relaci\u00f3 amb aquests tres elements. Ens ho hem passat s\u00faper b\u00e9 i hem gaudit molt tots&hellip;  <a href=\"https:\/\/agora.xtec.cat\/ceip-jruyra-l-h\/infantil\/i3\/i3-b-els-arbres-expressio-plastica\/\" title=\"Read I3-B Els arbres: Expressi\u00f3 pl\u00e0stica\">Llegeix m\u00e9s\u00bb<\/a><\/p>\n","protected":false},"author":79,"featured_media":17376,"comment_status":"open","ping_status":"open","sticky":false,"template":"","format":"standard","meta":{"_bbp_topic_count":0,"_bbp_reply_count":0,"_bbp_total_topic_count":0,"_bbp_total_reply_count":0,"_bbp_voice_count":0,"_bbp_anonymous_reply_count":0,"_bbp_topic_count_hidden":0,"_bbp_reply_count_hidden":0,"_bbp_forum_subforum_count":0,"footnotes":""},"categories":[3],"tags":[],"class_list":["post-17375","post","type-post","status-publish","format-standard","has-post-thumbnail","hentry","category-i3"],"post_mailing_queue_ids":[],"_links":{"self":[{"href":"https:\/\/agora.xtec.cat\/ceip-jruyra-l-h\/wp-json\/wp\/v2\/posts\/17375","targetHints":{"allow":["GET"]}}],"collection":[{"href":"https:\/\/agora.xtec.cat\/ceip-jruyra-l-h\/wp-json\/wp\/v2\/posts"}],"about":[{"href":"https:\/\/agora.xtec.cat\/ceip-jruyra-l-h\/wp-json\/wp\/v2\/types\/post"}],"author":[{"embeddable":true,"href":"https:\/\/agora.xtec.cat\/ceip-jruyra-l-h\/wp-json\/wp\/v2\/users\/79"}],"replies":[{"embeddable":true,"href":"https:\/\/agora.xtec.cat\/ceip-jruyra-l-h\/wp-json\/wp\/v2\/comments?post=17375"}],"version-history":[{"count":2,"href":"https:\/\/agora.xtec.cat\/ceip-jruyra-l-h\/wp-json\/wp\/v2\/posts\/17375\/revisions"}],"predecessor-version":[{"id":17397,"href":"https:\/\/agora.xtec.cat\/ceip-jruyra-l-h\/wp-json\/wp\/v2\/posts\/17375\/revisions\/17397"}],"wp:featuredmedia":[{"embeddable":true,"href":"https:\/\/agora.xtec.cat\/ceip-jruyra-l-h\/wp-json\/wp\/v2\/media\/17376"}],"wp:attachment":[{"href":"https:\/\/agora.xtec.cat\/ceip-jruyra-l-h\/wp-json\/wp\/v2\/media?parent=17375"}],"wp:term":[{"taxonomy":"category","embeddable":true,"href":"https:\/\/agora.xtec.cat\/ceip-jruyra-l-h\/wp-json\/wp\/v2\/categories?post=17375"},{"taxonomy":"post_tag","embeddable":true,"href":"https:\/\/agora.xtec.cat\/ceip-jruyra-l-h\/wp-json\/wp\/v2\/tags?post=17375"}],"curies":[{"name":"wp","href":"https:\/\/api.w.org\/{rel}","templated":true}]}}