{"id":17369,"date":"2026-03-31T12:35:18","date_gmt":"2026-03-31T10:35:18","guid":{"rendered":"https:\/\/agora.xtec.cat\/ceip-jruyra-l-h\/?p=17369"},"modified":"2026-03-31T12:35:18","modified_gmt":"2026-03-31T10:35:18","slug":"i3-b-els-arbres-aniversaris-marc","status":"publish","type":"post","link":"https:\/\/agora.xtec.cat\/ceip-jruyra-l-h\/infantil\/i3\/i3-b-els-arbres-aniversaris-marc\/","title":{"rendered":"I3-B Els arbres: Aniversaris Mar\u00e7"},"content":{"rendered":"<p>Hola fam\u00edlies,<\/p>\n<p>L\u2019aniversari de cada infant ha de ser un dia \u00fanic, especial i molt feli\u00e7 per a cadascun de nosaltres. Per tant, des de l\u2019escola Joaquim Ruyra dediquem l\u2019\u00faltim divendres del mes per celebrar els aniversari dels vostres fills i filles.<\/p>\n<p>Al mes de mar\u00e7, en Raylin i la Mirha han fet 4 anyets i la classe dels arbres hem passat una s\u00faper tarda amb molta m\u00fasica i diversi\u00f3. Per molts anys, Raylin i Mirha!!!!<\/p>\n<p>En aquest enlla\u00e7, podeu trobar les fotos de l\u2019aniversari d\u2019en en Raylin i la Mirha. Desitjo molt que us agradin fam\u00edlies :).<\/p>\n<p><a href=\"https:\/\/drive.google.com\/drive\/folders\/1HH6RqHHzEXvD-RiB4_6U6F48LHVjk6bg?usp=drive_link\">https:\/\/drive.google.com\/drive\/folders\/1HH6RqHHzEXvD-RiB4_6U6F48LHVjk6bg?usp=drive_link<\/a><\/p>\n","protected":false},"excerpt":{"rendered":"<p>Hola fam\u00edlies,<br \/>\nL\u2019aniversari de cada infant ha de ser un dia \u00fanic, especial i molt feli\u00e7 per a cadascun de nosaltres. Per tant, des de l\u2019escola Joaquim Ruyra dediquem l\u2019\u00faltim divendres del mes per celebrar els aniversari dels vostres fills i filles.<br \/>\nAl mes de mar\u00e7, en&hellip;  <a href=\"https:\/\/agora.xtec.cat\/ceip-jruyra-l-h\/infantil\/i3\/i3-b-els-arbres-aniversaris-marc\/\" title=\"Read I3-B Els arbres: Aniversaris Mar\u00e7\">Llegeix m\u00e9s\u00bb<\/a><\/p>\n","protected":false},"author":79,"featured_media":15700,"comment_status":"open","ping_status":"open","sticky":false,"template":"","format":"standard","meta":{"_bbp_topic_count":0,"_bbp_reply_count":0,"_bbp_total_topic_count":0,"_bbp_total_reply_count":0,"_bbp_voice_count":0,"_bbp_anonymous_reply_count":0,"_bbp_topic_count_hidden":0,"_bbp_reply_count_hidden":0,"_bbp_forum_subforum_count":0,"footnotes":""},"categories":[3],"tags":[],"class_list":["post-17369","post","type-post","status-publish","format-standard","has-post-thumbnail","hentry","category-i3"],"post_mailing_queue_ids":[],"_links":{"self":[{"href":"https:\/\/agora.xtec.cat\/ceip-jruyra-l-h\/wp-json\/wp\/v2\/posts\/17369","targetHints":{"allow":["GET"]}}],"collection":[{"href":"https:\/\/agora.xtec.cat\/ceip-jruyra-l-h\/wp-json\/wp\/v2\/posts"}],"about":[{"href":"https:\/\/agora.xtec.cat\/ceip-jruyra-l-h\/wp-json\/wp\/v2\/types\/post"}],"author":[{"embeddable":true,"href":"https:\/\/agora.xtec.cat\/ceip-jruyra-l-h\/wp-json\/wp\/v2\/users\/79"}],"replies":[{"embeddable":true,"href":"https:\/\/agora.xtec.cat\/ceip-jruyra-l-h\/wp-json\/wp\/v2\/comments?post=17369"}],"version-history":[{"count":1,"href":"https:\/\/agora.xtec.cat\/ceip-jruyra-l-h\/wp-json\/wp\/v2\/posts\/17369\/revisions"}],"predecessor-version":[{"id":17370,"href":"https:\/\/agora.xtec.cat\/ceip-jruyra-l-h\/wp-json\/wp\/v2\/posts\/17369\/revisions\/17370"}],"wp:featuredmedia":[{"embeddable":true,"href":"https:\/\/agora.xtec.cat\/ceip-jruyra-l-h\/wp-json\/wp\/v2\/media\/15700"}],"wp:attachment":[{"href":"https:\/\/agora.xtec.cat\/ceip-jruyra-l-h\/wp-json\/wp\/v2\/media?parent=17369"}],"wp:term":[{"taxonomy":"category","embeddable":true,"href":"https:\/\/agora.xtec.cat\/ceip-jruyra-l-h\/wp-json\/wp\/v2\/categories?post=17369"},{"taxonomy":"post_tag","embeddable":true,"href":"https:\/\/agora.xtec.cat\/ceip-jruyra-l-h\/wp-json\/wp\/v2\/tags?post=17369"}],"curies":[{"name":"wp","href":"https:\/\/api.w.org\/{rel}","templated":true}]}}