{"id":17349,"date":"2026-03-23T08:49:08","date_gmt":"2026-03-23T07:49:08","guid":{"rendered":"https:\/\/agora.xtec.cat\/ceip-jruyra-l-h\/?p=17349"},"modified":"2026-03-17T08:49:15","modified_gmt":"2026-03-17T07:49:15","slug":"i5c-visita-a-la-biblioteca-tecla-sala","status":"publish","type":"post","link":"https:\/\/agora.xtec.cat\/ceip-jruyra-l-h\/infantil\/i5\/i5c-visita-a-la-biblioteca-tecla-sala\/","title":{"rendered":"I5C: visita a la Biblioteca Tecla Sala"},"content":{"rendered":"<p class=\"isSelectedEnd\">Els nens i nenes de la classe de les Onades han fet una sortida molt especial: han anat a visitar la Biblioteca Tecla Sala per descobrir el meravell\u00f3s m\u00f3n dels contes.<\/p>\n<p class=\"isSelectedEnd\">Durant la visita, els infants han pogut explorar diferents llibres, mirar contes plens d\u2019aventures, animals, personatges divertits i hist\u00f2ries sorprenents. Amb molta curiositat i il\u00b7lusi\u00f3, han anat mirant els llibres, compartint-los amb els companys i deixant volar la seva imaginaci\u00f3.<\/p>\n<p class=\"isSelectedEnd\">A la biblioteca tamb\u00e9 han apr\u00e8s com funciona aquest espai tan important per al barri: un lloc on tothom pot venir a llegir, buscar informaci\u00f3 o endur-se llibres a casa per continuar gaudint de la lectura en fam\u00edlia.<\/p>\n<p>La sortida ha estat una experi\u00e8ncia molt\u00a0agradable,\u00a0 envoltats de contes, els nens i nenes han descobert que els llibres s\u00f3n una porta oberta a nous mons, hist\u00f2ries i aprenentatges.<\/p>\n<p>Segur que despr\u00e9s d\u2019aquesta visita, molts d\u2019ells tindran encara m\u00e9s ganes de tornar a la biblioteca amb les seves fam\u00edlies per continuar descobrint contes!<\/p>\n<p><a href=\"https:\/\/drive.google.com\/drive\/folders\/1ppPmcPfH3MeY9wKtyHCii9IEHWhBcCT8\">https:\/\/drive.google.com\/drive\/folders\/1ppPmcPfH3MeY9wKtyHCii9IEHWhBcCT8<\/a><\/p>\n","protected":false},"excerpt":{"rendered":"<p>Els nens i nenes de la classe de les Onades han fet una sortida molt especial: han anat a visitar la Biblioteca Tecla Sala per descobrir el meravell\u00f3s m\u00f3n dels contes.<br \/>\nDurant la visita, els infants han pogut explorar diferents llibres, mirar contes plens d\u2019aventures, animals,&hellip;  <a href=\"https:\/\/agora.xtec.cat\/ceip-jruyra-l-h\/infantil\/i5\/i5c-visita-a-la-biblioteca-tecla-sala\/\" title=\"Read I5C: visita a la Biblioteca Tecla Sala\">Llegeix m\u00e9s\u00bb<\/a><\/p>\n","protected":false},"author":73,"featured_media":15312,"comment_status":"open","ping_status":"open","sticky":false,"template":"","format":"standard","meta":{"_bbp_topic_count":0,"_bbp_reply_count":0,"_bbp_total_topic_count":0,"_bbp_total_reply_count":0,"_bbp_voice_count":0,"_bbp_anonymous_reply_count":0,"_bbp_topic_count_hidden":0,"_bbp_reply_count_hidden":0,"_bbp_forum_subforum_count":0,"footnotes":""},"categories":[9],"tags":[],"class_list":["post-17349","post","type-post","status-publish","format-standard","has-post-thumbnail","hentry","category-i5"],"post_mailing_queue_ids":[],"_links":{"self":[{"href":"https:\/\/agora.xtec.cat\/ceip-jruyra-l-h\/wp-json\/wp\/v2\/posts\/17349","targetHints":{"allow":["GET"]}}],"collection":[{"href":"https:\/\/agora.xtec.cat\/ceip-jruyra-l-h\/wp-json\/wp\/v2\/posts"}],"about":[{"href":"https:\/\/agora.xtec.cat\/ceip-jruyra-l-h\/wp-json\/wp\/v2\/types\/post"}],"author":[{"embeddable":true,"href":"https:\/\/agora.xtec.cat\/ceip-jruyra-l-h\/wp-json\/wp\/v2\/users\/73"}],"replies":[{"embeddable":true,"href":"https:\/\/agora.xtec.cat\/ceip-jruyra-l-h\/wp-json\/wp\/v2\/comments?post=17349"}],"version-history":[{"count":1,"href":"https:\/\/agora.xtec.cat\/ceip-jruyra-l-h\/wp-json\/wp\/v2\/posts\/17349\/revisions"}],"predecessor-version":[{"id":17350,"href":"https:\/\/agora.xtec.cat\/ceip-jruyra-l-h\/wp-json\/wp\/v2\/posts\/17349\/revisions\/17350"}],"wp:featuredmedia":[{"embeddable":true,"href":"https:\/\/agora.xtec.cat\/ceip-jruyra-l-h\/wp-json\/wp\/v2\/media\/15312"}],"wp:attachment":[{"href":"https:\/\/agora.xtec.cat\/ceip-jruyra-l-h\/wp-json\/wp\/v2\/media?parent=17349"}],"wp:term":[{"taxonomy":"category","embeddable":true,"href":"https:\/\/agora.xtec.cat\/ceip-jruyra-l-h\/wp-json\/wp\/v2\/categories?post=17349"},{"taxonomy":"post_tag","embeddable":true,"href":"https:\/\/agora.xtec.cat\/ceip-jruyra-l-h\/wp-json\/wp\/v2\/tags?post=17349"}],"curies":[{"name":"wp","href":"https:\/\/api.w.org\/{rel}","templated":true}]}}