{"id":17341,"date":"2026-03-19T08:03:26","date_gmt":"2026-03-19T07:03:26","guid":{"rendered":"https:\/\/agora.xtec.cat\/ceip-jruyra-l-h\/?p=17341"},"modified":"2026-03-12T08:03:40","modified_gmt":"2026-03-12T07:03:40","slug":"i5b-els-dracs-els-aniversaris-de-febrer","status":"publish","type":"post","link":"https:\/\/agora.xtec.cat\/ceip-jruyra-l-h\/infantil\/i5\/i5b-els-dracs-els-aniversaris-de-febrer\/","title":{"rendered":"I5B: Els Dracs- Els aniversaris de febrer"},"content":{"rendered":"<p>Hola fam\u00edlies!<\/p>\n<p>Deixem el febrer a les nostres esquenes i al davant ja comencem a veure les primeres pistes que ens portaran a la primavera. Per\u00f2 abans cal posar fi al mes celebrant el 6\u00e8 aniversari del Mustafa i afegint a la Luj\u00e1n, que no va poder compartir amb tots nosaltres la seva arribada als 5 anys. Doncs no cal donar-hi m\u00e9s voltes: galetes i sucs, riures i diversi\u00f3, cants i balls i tot all\u00f2 que podr\u00edem imaginar alhora de fer una festa com cal.<\/p>\n<p>MOLTES FELICITATS!!!<\/p>\n<p><a href=\"https:\/\/drive.google.com\/drive\/folders\/1kPe6wPqjYbxaUvLPFfCx3hUun1mJZTpf?usp=sharing\">https:\/\/drive.google.com\/drive\/folders\/1kPe6wPqjYbxaUvLPFfCx3hUun1mJZTpf?usp=sharing<\/a><\/p>\n","protected":false},"excerpt":{"rendered":"<p>Hola fam\u00edlies!<br \/>\nDeixem el febrer a les nostres esquenes i al davant ja comencem a veure les primeres pistes que ens portaran a la primavera. Per\u00f2 abans cal posar fi al mes celebrant el 6\u00e8 aniversari del Mustafa i afegint a la Luj\u00e1n, que no va&hellip;  <a href=\"https:\/\/agora.xtec.cat\/ceip-jruyra-l-h\/infantil\/i5\/i5b-els-dracs-els-aniversaris-de-febrer\/\" title=\"Read I5B: Els Dracs- Els aniversaris de febrer\">Llegeix m\u00e9s\u00bb<\/a><\/p>\n","protected":false},"author":19,"featured_media":17342,"comment_status":"open","ping_status":"open","sticky":false,"template":"","format":"standard","meta":{"_bbp_topic_count":0,"_bbp_reply_count":0,"_bbp_total_topic_count":0,"_bbp_total_reply_count":0,"_bbp_voice_count":0,"_bbp_anonymous_reply_count":0,"_bbp_topic_count_hidden":0,"_bbp_reply_count_hidden":0,"_bbp_forum_subforum_count":0,"footnotes":""},"categories":[9],"tags":[],"class_list":["post-17341","post","type-post","status-publish","format-standard","has-post-thumbnail","hentry","category-i5"],"post_mailing_queue_ids":[],"_links":{"self":[{"href":"https:\/\/agora.xtec.cat\/ceip-jruyra-l-h\/wp-json\/wp\/v2\/posts\/17341","targetHints":{"allow":["GET"]}}],"collection":[{"href":"https:\/\/agora.xtec.cat\/ceip-jruyra-l-h\/wp-json\/wp\/v2\/posts"}],"about":[{"href":"https:\/\/agora.xtec.cat\/ceip-jruyra-l-h\/wp-json\/wp\/v2\/types\/post"}],"author":[{"embeddable":true,"href":"https:\/\/agora.xtec.cat\/ceip-jruyra-l-h\/wp-json\/wp\/v2\/users\/19"}],"replies":[{"embeddable":true,"href":"https:\/\/agora.xtec.cat\/ceip-jruyra-l-h\/wp-json\/wp\/v2\/comments?post=17341"}],"version-history":[{"count":1,"href":"https:\/\/agora.xtec.cat\/ceip-jruyra-l-h\/wp-json\/wp\/v2\/posts\/17341\/revisions"}],"predecessor-version":[{"id":17343,"href":"https:\/\/agora.xtec.cat\/ceip-jruyra-l-h\/wp-json\/wp\/v2\/posts\/17341\/revisions\/17343"}],"wp:featuredmedia":[{"embeddable":true,"href":"https:\/\/agora.xtec.cat\/ceip-jruyra-l-h\/wp-json\/wp\/v2\/media\/17342"}],"wp:attachment":[{"href":"https:\/\/agora.xtec.cat\/ceip-jruyra-l-h\/wp-json\/wp\/v2\/media?parent=17341"}],"wp:term":[{"taxonomy":"category","embeddable":true,"href":"https:\/\/agora.xtec.cat\/ceip-jruyra-l-h\/wp-json\/wp\/v2\/categories?post=17341"},{"taxonomy":"post_tag","embeddable":true,"href":"https:\/\/agora.xtec.cat\/ceip-jruyra-l-h\/wp-json\/wp\/v2\/tags?post=17341"}],"curies":[{"name":"wp","href":"https:\/\/api.w.org\/{rel}","templated":true}]}}