{"id":17339,"date":"2026-03-18T08:02:56","date_gmt":"2026-03-18T07:02:56","guid":{"rendered":"https:\/\/agora.xtec.cat\/ceip-jruyra-l-h\/?p=17339"},"modified":"2026-03-12T08:03:12","modified_gmt":"2026-03-12T07:03:12","slug":"i3b-els-arbres-grups-interactius-amb-la-maria","status":"publish","type":"post","link":"https:\/\/agora.xtec.cat\/ceip-jruyra-l-h\/infantil\/i3\/i3b-els-arbres-grups-interactius-amb-la-maria\/","title":{"rendered":"I3B Els arbres: Grups interactius amb la Mar\u00eda"},"content":{"rendered":"<p>Els grups interactius s\u00f3n una actuaci\u00f3 educativa que consisteix en organitzar l\u2019aula en petits grups heterogenis on es resolen tasques amb la supervisi\u00f3 d\u2019una persona adulta (mestres, familiars, voluntaris&#8230;). La composici\u00f3 d\u2019aquests grups t\u00e9 com a objectiu afavorir la barreja de nivells on els alumnes col\u00b7laboren en la seva resoluci\u00f3 de les tasques.<\/p>\n<p>El 05\/03\/2026, la mami de l\u2019Adri\u00e1n ens va visitar a la classe i ens va ajudar en el nostre proc\u00e9s d\u2019aprenentatge. Qu\u00e8 b\u00e9 que ens ho vam passar!!!!<\/p>\n<p>Gr\u00e0cies per la teva visita. Et convidem a venir un altre dia.<\/p>\n<p>En aquest enlla\u00e7, podeu trobar les fotos. Desitjo molt que us agradin fam\u00edlies :).<\/p>\n<p><a href=\"https:\/\/drive.google.com\/drive\/folders\/1_y3gerVeF_YoSztPpigNufdHHSWyqLsR?usp=drive_link\">https:\/\/drive.google.com\/drive\/folders\/1_y3gerVeF_YoSztPpigNufdHHSWyqLsR?usp=drive_link<\/a><\/p>\n","protected":false},"excerpt":{"rendered":"<p>Els grups interactius s\u00f3n una actuaci\u00f3 educativa que consisteix en organitzar l\u2019aula en petits grups heterogenis on es resolen tasques amb la supervisi\u00f3 d\u2019una persona adulta (mestres, familiars, voluntaris&#8230;). La composici\u00f3 d\u2019aquests grups t\u00e9 com a objectiu afavorir la barreja de nivells on els alumnes&hellip;  <a href=\"https:\/\/agora.xtec.cat\/ceip-jruyra-l-h\/infantil\/i3\/i3b-els-arbres-grups-interactius-amb-la-maria\/\" title=\"Read I3B Els arbres: Grups interactius amb la Mar\u00eda\">Llegeix m\u00e9s\u00bb<\/a><\/p>\n","protected":false},"author":79,"featured_media":16473,"comment_status":"open","ping_status":"open","sticky":false,"template":"","format":"standard","meta":{"_bbp_topic_count":0,"_bbp_reply_count":0,"_bbp_total_topic_count":0,"_bbp_total_reply_count":0,"_bbp_voice_count":0,"_bbp_anonymous_reply_count":0,"_bbp_topic_count_hidden":0,"_bbp_reply_count_hidden":0,"_bbp_forum_subforum_count":0,"footnotes":""},"categories":[3],"tags":[],"class_list":["post-17339","post","type-post","status-publish","format-standard","has-post-thumbnail","hentry","category-i3"],"post_mailing_queue_ids":[],"_links":{"self":[{"href":"https:\/\/agora.xtec.cat\/ceip-jruyra-l-h\/wp-json\/wp\/v2\/posts\/17339","targetHints":{"allow":["GET"]}}],"collection":[{"href":"https:\/\/agora.xtec.cat\/ceip-jruyra-l-h\/wp-json\/wp\/v2\/posts"}],"about":[{"href":"https:\/\/agora.xtec.cat\/ceip-jruyra-l-h\/wp-json\/wp\/v2\/types\/post"}],"author":[{"embeddable":true,"href":"https:\/\/agora.xtec.cat\/ceip-jruyra-l-h\/wp-json\/wp\/v2\/users\/79"}],"replies":[{"embeddable":true,"href":"https:\/\/agora.xtec.cat\/ceip-jruyra-l-h\/wp-json\/wp\/v2\/comments?post=17339"}],"version-history":[{"count":1,"href":"https:\/\/agora.xtec.cat\/ceip-jruyra-l-h\/wp-json\/wp\/v2\/posts\/17339\/revisions"}],"predecessor-version":[{"id":17340,"href":"https:\/\/agora.xtec.cat\/ceip-jruyra-l-h\/wp-json\/wp\/v2\/posts\/17339\/revisions\/17340"}],"wp:featuredmedia":[{"embeddable":true,"href":"https:\/\/agora.xtec.cat\/ceip-jruyra-l-h\/wp-json\/wp\/v2\/media\/16473"}],"wp:attachment":[{"href":"https:\/\/agora.xtec.cat\/ceip-jruyra-l-h\/wp-json\/wp\/v2\/media?parent=17339"}],"wp:term":[{"taxonomy":"category","embeddable":true,"href":"https:\/\/agora.xtec.cat\/ceip-jruyra-l-h\/wp-json\/wp\/v2\/categories?post=17339"},{"taxonomy":"post_tag","embeddable":true,"href":"https:\/\/agora.xtec.cat\/ceip-jruyra-l-h\/wp-json\/wp\/v2\/tags?post=17339"}],"curies":[{"name":"wp","href":"https:\/\/api.w.org\/{rel}","templated":true}]}}