{"id":17332,"date":"2026-03-17T08:02:37","date_gmt":"2026-03-17T07:02:37","guid":{"rendered":"https:\/\/agora.xtec.cat\/ceip-jruyra-l-h\/?p=17332"},"modified":"2026-03-12T08:02:47","modified_gmt":"2026-03-12T07:02:47","slug":"i3b-els-arbres-aniversaris-febrer","status":"publish","type":"post","link":"https:\/\/agora.xtec.cat\/ceip-jruyra-l-h\/infantil\/i3\/i3b-els-arbres-aniversaris-febrer\/","title":{"rendered":"I3B Els arbres: Aniversaris Febrer"},"content":{"rendered":"<p>Hola fam\u00edlies,<\/p>\n<p>L\u2019aniversari de cada infant ha de ser un dia \u00fanic, especial i molt feli\u00e7 per a cadascun de nostres. Per tant, des de l\u2019escola Joaquim Ruyra dediquem l\u2019\u00faltim divendres del mes per celebrar els aniversari dels vostres fills i filles.<\/p>\n<p>Al mes de febrer, en Jolaybib, la Zoe i l\u2019Udhaybir va fer 4 anyets i la classe dels arbres van passar una s\u00faper tarda amb molt m\u00fasica i diversi\u00f3. Per molts anys, Jolaybib, Zoe i Udhaybir!!!!<\/p>\n<p>En aquest enlla\u00e7, podeu trobar les fotos de l\u2019aniversari d\u2019en Jolaybib, la Zoe i l\u2019Udhaybir. Desitjo molt que us agradin fam\u00edlies :).<\/p>\n<p><a href=\"https:\/\/drive.google.com\/drive\/folders\/1d7QLxwrpOyEL6GCdFbi4zvB-aBBS1fO-?usp=drive_link\">https:\/\/drive.google.com\/drive\/folders\/1d7QLxwrpOyEL6GCdFbi4zvB-aBBS1fO-?usp=drive_link<\/a><\/p>\n","protected":false},"excerpt":{"rendered":"<p>Hola fam\u00edlies,<br \/>\nL\u2019aniversari de cada infant ha de ser un dia \u00fanic, especial i molt feli\u00e7 per a cadascun de nostres. Per tant, des de l\u2019escola Joaquim Ruyra dediquem l\u2019\u00faltim divendres del mes per celebrar els aniversari dels vostres fills i filles.<br \/>\nAl mes de febrer, en&hellip;  <a href=\"https:\/\/agora.xtec.cat\/ceip-jruyra-l-h\/infantil\/i3\/i3b-els-arbres-aniversaris-febrer\/\" title=\"Read I3B Els arbres: Aniversaris Febrer\">Llegeix m\u00e9s\u00bb<\/a><\/p>\n","protected":false},"author":79,"featured_media":13605,"comment_status":"open","ping_status":"open","sticky":false,"template":"","format":"standard","meta":{"_bbp_topic_count":0,"_bbp_reply_count":0,"_bbp_total_topic_count":0,"_bbp_total_reply_count":0,"_bbp_voice_count":0,"_bbp_anonymous_reply_count":0,"_bbp_topic_count_hidden":0,"_bbp_reply_count_hidden":0,"_bbp_forum_subforum_count":0,"footnotes":""},"categories":[3],"tags":[],"class_list":["post-17332","post","type-post","status-publish","format-standard","has-post-thumbnail","hentry","category-i3"],"post_mailing_queue_ids":[],"_links":{"self":[{"href":"https:\/\/agora.xtec.cat\/ceip-jruyra-l-h\/wp-json\/wp\/v2\/posts\/17332","targetHints":{"allow":["GET"]}}],"collection":[{"href":"https:\/\/agora.xtec.cat\/ceip-jruyra-l-h\/wp-json\/wp\/v2\/posts"}],"about":[{"href":"https:\/\/agora.xtec.cat\/ceip-jruyra-l-h\/wp-json\/wp\/v2\/types\/post"}],"author":[{"embeddable":true,"href":"https:\/\/agora.xtec.cat\/ceip-jruyra-l-h\/wp-json\/wp\/v2\/users\/79"}],"replies":[{"embeddable":true,"href":"https:\/\/agora.xtec.cat\/ceip-jruyra-l-h\/wp-json\/wp\/v2\/comments?post=17332"}],"version-history":[{"count":2,"href":"https:\/\/agora.xtec.cat\/ceip-jruyra-l-h\/wp-json\/wp\/v2\/posts\/17332\/revisions"}],"predecessor-version":[{"id":17335,"href":"https:\/\/agora.xtec.cat\/ceip-jruyra-l-h\/wp-json\/wp\/v2\/posts\/17332\/revisions\/17335"}],"wp:featuredmedia":[{"embeddable":true,"href":"https:\/\/agora.xtec.cat\/ceip-jruyra-l-h\/wp-json\/wp\/v2\/media\/13605"}],"wp:attachment":[{"href":"https:\/\/agora.xtec.cat\/ceip-jruyra-l-h\/wp-json\/wp\/v2\/media?parent=17332"}],"wp:term":[{"taxonomy":"category","embeddable":true,"href":"https:\/\/agora.xtec.cat\/ceip-jruyra-l-h\/wp-json\/wp\/v2\/categories?post=17332"},{"taxonomy":"post_tag","embeddable":true,"href":"https:\/\/agora.xtec.cat\/ceip-jruyra-l-h\/wp-json\/wp\/v2\/tags?post=17332"}],"curies":[{"name":"wp","href":"https:\/\/api.w.org\/{rel}","templated":true}]}}