{"id":17320,"date":"2026-03-12T07:58:06","date_gmt":"2026-03-12T06:58:06","guid":{"rendered":"https:\/\/agora.xtec.cat\/ceip-jruyra-l-h\/?p=17320"},"modified":"2026-03-12T07:58:06","modified_gmt":"2026-03-12T06:58:06","slug":"i5cconsignes-de-carnaval","status":"publish","type":"post","link":"https:\/\/agora.xtec.cat\/ceip-jruyra-l-h\/infantil\/i5cconsignes-de-carnaval\/","title":{"rendered":"I5C:Consignes de carnaval"},"content":{"rendered":"<p class=\"isSelectedEnd\">A la <strong>classe de les Onades <\/strong>hem viscut una setmana d\u2019all\u00f2 m\u00e9s divertida celebrant el <strong>Carnaval<\/strong>!<\/p>\n<p class=\"isSelectedEnd\">Durant aquests dies hem seguit amb molta il\u00b7lusi\u00f3 les consignes que ens va enviar el <strong>Carnestoltes<\/strong>, i cada mat\u00ed arrib\u00e0vem a l\u2019escola amb una sorpresa diferent.<\/p>\n<p class=\"isSelectedEnd\">Un dia vam venir <strong>en pijama<\/strong>, preparats per aprendre ben c\u00f2modes i amb moltes rialles. Un altre dia vam portar <strong>la cara pintada<\/strong>, amb dibuixos, colors i personatges molt originals. Tamb\u00e9 vam seguir la consigna de fer-nos <strong>un pentinat divertit<\/strong>, i l\u2019escola es va omplir de trenes boges, cues altes, colors i pentinats ben esbojarrats!<\/p>\n<p class=\"isSelectedEnd\">Ha estat una setmana plena de <strong>creativitat, alegria i molta gresca<\/strong>, on hem gaudit compartint moments especials amb els companys i companyes.<\/p>\n<p>A continuaci\u00f3 podeu veure <strong>algunes fotografies<\/strong> de les consignes del Carnaval a la classe de les Onades. Esperem que us agradin tant com a nosaltres ens ha agradat viure-ho!<\/p>\n<p><a href=\"https:\/\/drive.google.com\/drive\/folders\/15BkApzQHWXnCopp2n8SU7M7ifFD0jMB3\">https:\/\/drive.google.com\/drive\/folders\/15BkApzQHWXnCopp2n8SU7M7ifFD0jMB3<\/a><\/p>\n","protected":false},"excerpt":{"rendered":"<p>A la classe de les Onades hem viscut una setmana d\u2019all\u00f2 m\u00e9s divertida celebrant el Carnaval!<br \/>\nDurant aquests dies hem seguit amb molta il\u00b7lusi\u00f3 les consignes que ens va enviar el Carnestoltes, i cada mat\u00ed arrib\u00e0vem a l\u2019escola amb una sorpresa diferent.<br \/>\nUn dia vam venir en&hellip;  <a href=\"https:\/\/agora.xtec.cat\/ceip-jruyra-l-h\/infantil\/i5cconsignes-de-carnaval\/\" title=\"Read I5C:Consignes de carnaval\">Llegeix m\u00e9s\u00bb<\/a><\/p>\n","protected":false},"author":73,"featured_media":17318,"comment_status":"open","ping_status":"open","sticky":false,"template":"","format":"standard","meta":{"_bbp_topic_count":0,"_bbp_reply_count":0,"_bbp_total_topic_count":0,"_bbp_total_reply_count":0,"_bbp_voice_count":0,"_bbp_anonymous_reply_count":0,"_bbp_topic_count_hidden":0,"_bbp_reply_count_hidden":0,"_bbp_forum_subforum_count":0,"footnotes":""},"categories":[2,9],"tags":[],"class_list":["post-17320","post","type-post","status-publish","format-standard","has-post-thumbnail","hentry","category-infantil","category-i5"],"post_mailing_queue_ids":[],"_links":{"self":[{"href":"https:\/\/agora.xtec.cat\/ceip-jruyra-l-h\/wp-json\/wp\/v2\/posts\/17320","targetHints":{"allow":["GET"]}}],"collection":[{"href":"https:\/\/agora.xtec.cat\/ceip-jruyra-l-h\/wp-json\/wp\/v2\/posts"}],"about":[{"href":"https:\/\/agora.xtec.cat\/ceip-jruyra-l-h\/wp-json\/wp\/v2\/types\/post"}],"author":[{"embeddable":true,"href":"https:\/\/agora.xtec.cat\/ceip-jruyra-l-h\/wp-json\/wp\/v2\/users\/73"}],"replies":[{"embeddable":true,"href":"https:\/\/agora.xtec.cat\/ceip-jruyra-l-h\/wp-json\/wp\/v2\/comments?post=17320"}],"version-history":[{"count":1,"href":"https:\/\/agora.xtec.cat\/ceip-jruyra-l-h\/wp-json\/wp\/v2\/posts\/17320\/revisions"}],"predecessor-version":[{"id":17321,"href":"https:\/\/agora.xtec.cat\/ceip-jruyra-l-h\/wp-json\/wp\/v2\/posts\/17320\/revisions\/17321"}],"wp:featuredmedia":[{"embeddable":true,"href":"https:\/\/agora.xtec.cat\/ceip-jruyra-l-h\/wp-json\/wp\/v2\/media\/17318"}],"wp:attachment":[{"href":"https:\/\/agora.xtec.cat\/ceip-jruyra-l-h\/wp-json\/wp\/v2\/media?parent=17320"}],"wp:term":[{"taxonomy":"category","embeddable":true,"href":"https:\/\/agora.xtec.cat\/ceip-jruyra-l-h\/wp-json\/wp\/v2\/categories?post=17320"},{"taxonomy":"post_tag","embeddable":true,"href":"https:\/\/agora.xtec.cat\/ceip-jruyra-l-h\/wp-json\/wp\/v2\/tags?post=17320"}],"curies":[{"name":"wp","href":"https:\/\/api.w.org\/{rel}","templated":true}]}}