{"id":17314,"date":"2026-03-14T08:00:12","date_gmt":"2026-03-14T07:00:12","guid":{"rendered":"https:\/\/agora.xtec.cat\/ceip-jruyra-l-h\/?p=17314"},"modified":"2026-03-12T08:00:24","modified_gmt":"2026-03-12T07:00:24","slug":"i5b-els-dracs-visita-a-la-tecla-sala-dibuixar-punts-de-vista","status":"publish","type":"post","link":"https:\/\/agora.xtec.cat\/ceip-jruyra-l-h\/infantil\/i5\/i5b-els-dracs-visita-a-la-tecla-sala-dibuixar-punts-de-vista\/","title":{"rendered":"I5B: Els Dracs- Visita a la Tecla Sala: Dibuixar punts de vista"},"content":{"rendered":"<p>Hola fam\u00edlies,<\/p>\n<p>Tothom \u00e9s benvingut a aquesta exposici\u00f3 de l\u00ednies i punts! S\u00ed , s\u00ed: l\u00ednies i punts. Per\u00f2 no creieu que s\u00f3n formes sense sentit, tot el contrari, s\u2019ajunten de maneres infinites tot creant formes sense parar, aix\u00ed com punts de vista, perspectives, espais,&#8230; A la Tecla Sala ens ho han ensenyat, sembla mentida tot el que podem aconseguir, juntament amb la nostra imaginaci\u00f3. Per\u00f2 no cal que nom\u00e9s ho llegiu, continueu, compartiu les fotografies i v\u00eddeos i gaudiu com ho hem fet tots nosaltres!<\/p>\n<p><a href=\"https:\/\/drive.google.com\/drive\/folders\/1KBCJFWP7r_qbtfRTE07cBAeBvYPRTRBZ?usp=sharing\">https:\/\/drive.google.com\/drive\/folders\/1KBCJFWP7r_qbtfRTE07cBAeBvYPRTRBZ?usp=sharing<\/a><\/p>\n","protected":false},"excerpt":{"rendered":"<p>Hola fam\u00edlies,<br \/>\nTothom \u00e9s benvingut a aquesta exposici\u00f3 de l\u00ednies i punts! S\u00ed , s\u00ed: l\u00ednies i punts. Per\u00f2 no creieu que s\u00f3n formes sense sentit, tot el contrari, s\u2019ajunten de maneres infinites tot creant formes sense parar, aix\u00ed com punts de vista, perspectives, espais,&#8230; A&hellip;  <a href=\"https:\/\/agora.xtec.cat\/ceip-jruyra-l-h\/infantil\/i5\/i5b-els-dracs-visita-a-la-tecla-sala-dibuixar-punts-de-vista\/\" title=\"Read I5B: Els Dracs- Visita a la Tecla Sala: Dibuixar punts de vista\">Llegeix m\u00e9s\u00bb<\/a><\/p>\n","protected":false},"author":19,"featured_media":17315,"comment_status":"open","ping_status":"open","sticky":false,"template":"","format":"standard","meta":{"_bbp_topic_count":0,"_bbp_reply_count":0,"_bbp_total_topic_count":0,"_bbp_total_reply_count":0,"_bbp_voice_count":0,"_bbp_anonymous_reply_count":0,"_bbp_topic_count_hidden":0,"_bbp_reply_count_hidden":0,"_bbp_forum_subforum_count":0,"footnotes":""},"categories":[9],"tags":[],"class_list":["post-17314","post","type-post","status-publish","format-standard","has-post-thumbnail","hentry","category-i5"],"post_mailing_queue_ids":[],"_links":{"self":[{"href":"https:\/\/agora.xtec.cat\/ceip-jruyra-l-h\/wp-json\/wp\/v2\/posts\/17314","targetHints":{"allow":["GET"]}}],"collection":[{"href":"https:\/\/agora.xtec.cat\/ceip-jruyra-l-h\/wp-json\/wp\/v2\/posts"}],"about":[{"href":"https:\/\/agora.xtec.cat\/ceip-jruyra-l-h\/wp-json\/wp\/v2\/types\/post"}],"author":[{"embeddable":true,"href":"https:\/\/agora.xtec.cat\/ceip-jruyra-l-h\/wp-json\/wp\/v2\/users\/19"}],"replies":[{"embeddable":true,"href":"https:\/\/agora.xtec.cat\/ceip-jruyra-l-h\/wp-json\/wp\/v2\/comments?post=17314"}],"version-history":[{"count":1,"href":"https:\/\/agora.xtec.cat\/ceip-jruyra-l-h\/wp-json\/wp\/v2\/posts\/17314\/revisions"}],"predecessor-version":[{"id":17316,"href":"https:\/\/agora.xtec.cat\/ceip-jruyra-l-h\/wp-json\/wp\/v2\/posts\/17314\/revisions\/17316"}],"wp:featuredmedia":[{"embeddable":true,"href":"https:\/\/agora.xtec.cat\/ceip-jruyra-l-h\/wp-json\/wp\/v2\/media\/17315"}],"wp:attachment":[{"href":"https:\/\/agora.xtec.cat\/ceip-jruyra-l-h\/wp-json\/wp\/v2\/media?parent=17314"}],"wp:term":[{"taxonomy":"category","embeddable":true,"href":"https:\/\/agora.xtec.cat\/ceip-jruyra-l-h\/wp-json\/wp\/v2\/categories?post=17314"},{"taxonomy":"post_tag","embeddable":true,"href":"https:\/\/agora.xtec.cat\/ceip-jruyra-l-h\/wp-json\/wp\/v2\/tags?post=17314"}],"curies":[{"name":"wp","href":"https:\/\/api.w.org\/{rel}","templated":true}]}}