{"id":17308,"date":"2026-03-28T14:58:00","date_gmt":"2026-03-28T13:58:00","guid":{"rendered":"https:\/\/agora.xtec.cat\/ceip-jruyra-l-h\/?p=17308"},"modified":"2026-03-17T14:58:08","modified_gmt":"2026-03-17T13:58:08","slug":"cicle-mitja-descobreix-la-grandiositat-de-gaudi-a-la-sagrada-familia","status":"publish","type":"post","link":"https:\/\/agora.xtec.cat\/ceip-jruyra-l-h\/primaria\/3r\/cicle-mitja-descobreix-la-grandiositat-de-gaudi-a-la-sagrada-familia\/","title":{"rendered":"Cicle mitj\u00e0 descobreix la grandiositat de Gaud\u00ed a la Sagrada Fam\u00edlia"},"content":{"rendered":"<p>Aquestes setmanes, els nens i nenes de cicle mitj\u00e0 hem realitzat una sortida molt especial per <strong>visitar la Sagrada Fam\u00edlia<\/strong>.<\/p>\n<p>Aprofitant que aquest any es commemora el <strong>centenari de la mort d&#8217;Antoni Gaud\u00ed<\/strong>, a l&#8217;escola estem duent a terme diverses propostes per <strong>apropar la figura de l&#8217;arquitecte i els seus monuments<\/strong> a l&#8217;alumnat. Despr\u00e9s d&#8217;haver fet diferents activitats a l&#8217;aula per anar coneixent la seva vida i els seus edificis principals, la visita a la bas\u00edlica ha estat una experi\u00e8ncia impressionant que ens ha perm\u00e8s veure de prop la magnitud del seu projecte.<\/p>\n<p>Ens ha <strong>captivat<\/strong> la grandiositat de l&#8217;edifici i hem <strong>al\u00b7lucinat<\/strong> amb la infinitat de detalls que s&#8217;amaguen en cada rac\u00f3 de la seva arquitectura. Ha estat una oportunitat \u00fanica per <strong>viure la cultura i l&#8217;art del nostre pa\u00eds<\/strong>, despertant encara m\u00e9s la nostra curiositat per la genialitat de Gaud\u00ed i la seva obra.<\/p>\n<p>En el seg\u00fcent\u00a0<a href=\"https:\/\/drive.google.com\/drive\/folders\/1TQqS1FCHTDtHl3cPQ8bOXQCIjLm7Q7Io?usp=drive_link\">enlla\u00e7<\/a> podreu veure les fotos d&#8217;aquesta sortida.<\/p>\n","protected":false},"excerpt":{"rendered":"<p>Aquestes setmanes, els nens i nenes de cicle mitj\u00e0 hem realitzat una sortida molt especial per visitar la Sagrada Fam\u00edlia.<br \/>\nAprofitant que aquest any es commemora el centenari de la mort d&#8217;Antoni Gaud\u00ed, a l&#8217;escola estem duent a terme diverses propostes per apropar la figura de&hellip;  <a href=\"https:\/\/agora.xtec.cat\/ceip-jruyra-l-h\/primaria\/3r\/cicle-mitja-descobreix-la-grandiositat-de-gaudi-a-la-sagrada-familia\/\" title=\"Read Cicle mitj\u00e0 descobreix la grandiositat de Gaud\u00ed a la Sagrada Fam\u00edlia\">Llegeix m\u00e9s\u00bb<\/a><\/p>\n","protected":false},"author":78,"featured_media":17310,"comment_status":"open","ping_status":"open","sticky":false,"template":"","format":"standard","meta":{"_bbp_topic_count":0,"_bbp_reply_count":0,"_bbp_total_topic_count":0,"_bbp_total_reply_count":0,"_bbp_voice_count":0,"_bbp_anonymous_reply_count":0,"_bbp_topic_count_hidden":0,"_bbp_reply_count_hidden":0,"_bbp_forum_subforum_count":0,"footnotes":""},"categories":[12,13],"tags":[],"class_list":["post-17308","post","type-post","status-publish","format-standard","has-post-thumbnail","hentry","category-3r","category-4t"],"post_mailing_queue_ids":[],"_links":{"self":[{"href":"https:\/\/agora.xtec.cat\/ceip-jruyra-l-h\/wp-json\/wp\/v2\/posts\/17308","targetHints":{"allow":["GET"]}}],"collection":[{"href":"https:\/\/agora.xtec.cat\/ceip-jruyra-l-h\/wp-json\/wp\/v2\/posts"}],"about":[{"href":"https:\/\/agora.xtec.cat\/ceip-jruyra-l-h\/wp-json\/wp\/v2\/types\/post"}],"author":[{"embeddable":true,"href":"https:\/\/agora.xtec.cat\/ceip-jruyra-l-h\/wp-json\/wp\/v2\/users\/78"}],"replies":[{"embeddable":true,"href":"https:\/\/agora.xtec.cat\/ceip-jruyra-l-h\/wp-json\/wp\/v2\/comments?post=17308"}],"version-history":[{"count":1,"href":"https:\/\/agora.xtec.cat\/ceip-jruyra-l-h\/wp-json\/wp\/v2\/posts\/17308\/revisions"}],"predecessor-version":[{"id":17311,"href":"https:\/\/agora.xtec.cat\/ceip-jruyra-l-h\/wp-json\/wp\/v2\/posts\/17308\/revisions\/17311"}],"wp:featuredmedia":[{"embeddable":true,"href":"https:\/\/agora.xtec.cat\/ceip-jruyra-l-h\/wp-json\/wp\/v2\/media\/17310"}],"wp:attachment":[{"href":"https:\/\/agora.xtec.cat\/ceip-jruyra-l-h\/wp-json\/wp\/v2\/media?parent=17308"}],"wp:term":[{"taxonomy":"category","embeddable":true,"href":"https:\/\/agora.xtec.cat\/ceip-jruyra-l-h\/wp-json\/wp\/v2\/categories?post=17308"},{"taxonomy":"post_tag","embeddable":true,"href":"https:\/\/agora.xtec.cat\/ceip-jruyra-l-h\/wp-json\/wp\/v2\/tags?post=17308"}],"curies":[{"name":"wp","href":"https:\/\/api.w.org\/{rel}","templated":true}]}}