{"id":17264,"date":"2026-03-03T15:58:56","date_gmt":"2026-03-03T14:58:56","guid":{"rendered":"https:\/\/agora.xtec.cat\/ceip-jruyra-l-h\/?p=17264"},"modified":"2026-03-02T15:59:04","modified_gmt":"2026-03-02T14:59:04","slug":"visita-al-centre-dart-tecla-sala","status":"publish","type":"post","link":"https:\/\/agora.xtec.cat\/ceip-jruyra-l-h\/infantil\/i5\/visita-al-centre-dart-tecla-sala\/","title":{"rendered":"Visita al centre d&#8217;art Tecla Sala"},"content":{"rendered":"<p data-start=\"0\" data-end=\"229\">Els nens i nenes de la classe de &#8220;Les Onades&#8221;\u00a0 han viscut una experi\u00e8ncia art\u00edstica molt especial al <strong data-start=\"81\" data-end=\"108\">Centre d\u2019Art Tecla Sala<\/strong> de <span class=\"hover:entity-accent entity-underline inline cursor-pointer align-baseline\"><span class=\"whitespace-normal\">L&#8217;Hospitalet de Llobregat<\/span><\/span>, on han visitat l\u2019exposici\u00f3 de l\u2019artista <span class=\"hover:entity-accent entity-underline inline cursor-pointer align-baseline\"><span class=\"whitespace-normal\">Xavier Franquesa<\/span><\/span>.<\/p>\n<p data-start=\"276\" data-end=\"607\">Durant la visita, els infants van poder observar com l\u2019artista utilitza les formes, els espais i les composicions per crear imatges plenes de significat. A partir d\u2019aquesta inspiraci\u00f3, van participar en un taller creatiu on, jugant amb diferents <strong data-start=\"522\" data-end=\"545\">formes geom\u00e8triques<\/strong>, van experimentar i donar vida a les seves pr\u00f2pies creacions.<\/p>\n<p data-start=\"276\" data-end=\"607\">Triangles, cercles, quadrats i rectangles es van transformar en cases, personatges, paisatges i composicions sorprenents. Va ser fascinant veure com, partint dels mateixos elements, cada nen i nena va crear una obra \u00fanica i personal.<\/p>\n<p data-start=\"873\" data-end=\"1138\">Per acabar l\u2019activitat, es van projectar totes les seves produccions a la paret, convertint l\u2019espai en una aut\u00e8ntica sala d\u2019exposicions. Un per un, van explicar als companys i companyes qu\u00e8 havien creat i com ho havien fet, compartint idees, emocions i descobertes.<\/p>\n<p data-start=\"1140\" data-end=\"1299\">Aquesta experi\u00e8ncia no nom\u00e9s ha fomentat la creativitat i la imaginaci\u00f3, sin\u00f3 tamb\u00e9 l\u2019expressi\u00f3 oral, la confian\u00e7a i el respecte per les creacions dels altres.<\/p>\n<p data-start=\"1301\" data-end=\"1409\" data-is-last-node=\"\" data-is-only-node=\"\">Ha estat un mat\u00ed ple d\u2019art, il\u00b7lusi\u00f3 i aprenentatges que, de ben segur, recordaran amb un gran somriure! Us deixo unes fotos.<\/p>\n<p data-start=\"1301\" data-end=\"1409\" data-is-last-node=\"\" data-is-only-node=\"\"><a href=\"https:\/\/drive.google.com\/drive\/u\/0\/folders\/14MNmKNeGQIvSl6dvKIWgmK02bM0cRBDt\">https:\/\/drive.google.com\/drive\/u\/0\/folders\/14MNmKNeGQIvSl6dvKIWgmK02bM0cRBDt<\/a><\/p>\n","protected":false},"excerpt":{"rendered":"<p>Els nens i nenes de la classe de &#8220;Les Onades&#8221;\u00a0 han viscut una experi\u00e8ncia art\u00edstica molt especial al Centre d\u2019Art Tecla Sala de L&#8217;Hospitalet de Llobregat, on han visitat l\u2019exposici\u00f3 de l\u2019artista Xavier Franquesa.<br \/>\nDurant la visita, els infants van poder observar com l\u2019artista utilitza les&hellip;  <a href=\"https:\/\/agora.xtec.cat\/ceip-jruyra-l-h\/infantil\/i5\/visita-al-centre-dart-tecla-sala\/\" title=\"Read Visita al centre d&#8217;art Tecla Sala\">Llegeix m\u00e9s\u00bb<\/a><\/p>\n","protected":false},"author":73,"featured_media":17015,"comment_status":"open","ping_status":"open","sticky":false,"template":"","format":"standard","meta":{"_bbp_topic_count":0,"_bbp_reply_count":0,"_bbp_total_topic_count":0,"_bbp_total_reply_count":0,"_bbp_voice_count":0,"_bbp_anonymous_reply_count":0,"_bbp_topic_count_hidden":0,"_bbp_reply_count_hidden":0,"_bbp_forum_subforum_count":0,"footnotes":""},"categories":[9],"tags":[],"class_list":["post-17264","post","type-post","status-publish","format-standard","has-post-thumbnail","hentry","category-i5"],"post_mailing_queue_ids":[],"_links":{"self":[{"href":"https:\/\/agora.xtec.cat\/ceip-jruyra-l-h\/wp-json\/wp\/v2\/posts\/17264","targetHints":{"allow":["GET"]}}],"collection":[{"href":"https:\/\/agora.xtec.cat\/ceip-jruyra-l-h\/wp-json\/wp\/v2\/posts"}],"about":[{"href":"https:\/\/agora.xtec.cat\/ceip-jruyra-l-h\/wp-json\/wp\/v2\/types\/post"}],"author":[{"embeddable":true,"href":"https:\/\/agora.xtec.cat\/ceip-jruyra-l-h\/wp-json\/wp\/v2\/users\/73"}],"replies":[{"embeddable":true,"href":"https:\/\/agora.xtec.cat\/ceip-jruyra-l-h\/wp-json\/wp\/v2\/comments?post=17264"}],"version-history":[{"count":1,"href":"https:\/\/agora.xtec.cat\/ceip-jruyra-l-h\/wp-json\/wp\/v2\/posts\/17264\/revisions"}],"predecessor-version":[{"id":17265,"href":"https:\/\/agora.xtec.cat\/ceip-jruyra-l-h\/wp-json\/wp\/v2\/posts\/17264\/revisions\/17265"}],"wp:featuredmedia":[{"embeddable":true,"href":"https:\/\/agora.xtec.cat\/ceip-jruyra-l-h\/wp-json\/wp\/v2\/media\/17015"}],"wp:attachment":[{"href":"https:\/\/agora.xtec.cat\/ceip-jruyra-l-h\/wp-json\/wp\/v2\/media?parent=17264"}],"wp:term":[{"taxonomy":"category","embeddable":true,"href":"https:\/\/agora.xtec.cat\/ceip-jruyra-l-h\/wp-json\/wp\/v2\/categories?post=17264"},{"taxonomy":"post_tag","embeddable":true,"href":"https:\/\/agora.xtec.cat\/ceip-jruyra-l-h\/wp-json\/wp\/v2\/tags?post=17264"}],"curies":[{"name":"wp","href":"https:\/\/api.w.org\/{rel}","templated":true}]}}