{"id":17224,"date":"2026-01-11T22:09:40","date_gmt":"2026-01-11T21:09:40","guid":{"rendered":"https:\/\/agora.xtec.cat\/ceip-jruyra-l-h\/?p=17224"},"modified":"2026-01-11T22:09:40","modified_gmt":"2026-01-11T21:09:40","slug":"un-intercicle-molt-fredolic","status":"publish","type":"post","link":"https:\/\/agora.xtec.cat\/ceip-jruyra-l-h\/primaria\/1r\/un-intercicle-molt-fredolic\/","title":{"rendered":"Un intercicle molt fredolic"},"content":{"rendered":"<p data-start=\"42\" data-end=\"236\">Durant aquests dies tan especials, l\u2019alumnat de <strong data-start=\"90\" data-end=\"108\">primer i segon<\/strong> s\u2019ha barrejat en <strong data-start=\"126\" data-end=\"146\">grups intercicle<\/strong> \ud83e\udd1d\ud83d\udc67\ud83d\udc66 per compartir moments plens de <strong data-start=\"185\" data-end=\"228\">diversi\u00f3, cooperaci\u00f3 i esperit nadalenc<\/strong> \ud83c\udf85\ud83c\udf81.<\/p>\n<p data-start=\"238\" data-end=\"441\">Hem gaudit de diferents <strong data-start=\"262\" data-end=\"289\">propostes engrescadores<\/strong> que ens han fet riure i passar-ho d\u2019all\u00f2 m\u00e9s b\u00e9 \ud83d\ude04\ud83d\udcab. Vam comen\u00e7ar amb un <strong data-start=\"364\" data-end=\"387\">Just Dance nadalenc<\/strong> \ud83d\udc83\ud83d\udd7a\ud83c\udfb6, movent el cos al ritme de can\u00e7ons de Nadal!<\/p>\n<p data-start=\"238\" data-end=\"441\"><img loading=\"lazy\" decoding=\"async\" class=\"wp-image-17227 aligncenter\" src=\"https:\/\/agora.xtec.cat\/ceip-jruyra-l-h\/wp-content\/uploads\/usu2049\/2025\/12\/jusr-dance.png\" alt=\"\" width=\"328\" height=\"298\" srcset=\"https:\/\/agora.xtec.cat\/ceip-jruyra-l-h\/wp-content\/uploads\/usu2049\/2025\/12\/jusr-dance.png 460w, https:\/\/agora.xtec.cat\/ceip-jruyra-l-h\/wp-content\/uploads\/usu2049\/2025\/12\/jusr-dance-300x273.png 300w\" sizes=\"auto, (max-width: 328px) 100vw, 328px\" \/><\/p>\n<p data-start=\"443\" data-end=\"594\">Tamb\u00e9 vam jugar al divertit <strong data-start=\"471\" data-end=\"493\">joc del \u201cQui s\u00f3c?\u201d<\/strong> \ud83e\udd14\ud83c\udf84 amb <strong data-start=\"503\" data-end=\"525\">objectes nadalencs<\/strong>, on hav\u00edem d\u2019endevinar qu\u00e8 \u00e9rem amb pistes i molta imaginaci\u00f3 \ud83c\udf81\u2b50.<\/p>\n<p data-start=\"596\" data-end=\"740\">Una altra activitat engrescadora \u00a0va ser la <strong data-start=\"636\" data-end=\"676\">construcci\u00f3 d\u2019una caseta de gingebre<\/strong> \ud83c\udfe0\ud83c\udf6a, treballant en equip i deixant volar la creativitat \ud83c\udfa8\u2728.<\/p>\n<p data-start=\"596\" data-end=\"740\"><img loading=\"lazy\" decoding=\"async\" class=\"wp-image-17228 aligncenter\" src=\"https:\/\/agora.xtec.cat\/ceip-jruyra-l-h\/wp-content\/uploads\/usu2049\/2025\/12\/caseta.png\" alt=\"\" width=\"263\" height=\"311\" srcset=\"https:\/\/agora.xtec.cat\/ceip-jruyra-l-h\/wp-content\/uploads\/usu2049\/2025\/12\/caseta.png 544w, https:\/\/agora.xtec.cat\/ceip-jruyra-l-h\/wp-content\/uploads\/usu2049\/2025\/12\/caseta-254x300.png 254w\" sizes=\"auto, (max-width: 263px) 100vw, 263px\" \/><\/p>\n<p data-start=\"742\" data-end=\"949\">Finalment, vam fer la <strong data-start=\"764\" data-end=\"818\">descoberta de l\u2019\u00e0lbum il\u00b7lustrat <em data-start=\"799\" data-end=\"816\">El Ninot de Neu<\/em><\/strong> \u2744\ufe0f\u26c4\ud83d\udcd6, una hist\u00f2ria <strong data-start=\"839\" data-end=\"857\">sense paraules<\/strong> que ens va convidar a observar, imaginar i explicar emocions amb la mirada i el cor \ud83d\udcad\u2764\ufe0f.<\/p>\n<p data-start=\"742\" data-end=\"949\"><img loading=\"lazy\" decoding=\"async\" class=\"wp-image-17226 aligncenter\" src=\"https:\/\/agora.xtec.cat\/ceip-jruyra-l-h\/wp-content\/uploads\/usu2049\/2025\/12\/neu.png\" alt=\"\" width=\"400\" height=\"468\" srcset=\"https:\/\/agora.xtec.cat\/ceip-jruyra-l-h\/wp-content\/uploads\/usu2049\/2025\/12\/neu.png 478w, https:\/\/agora.xtec.cat\/ceip-jruyra-l-h\/wp-content\/uploads\/usu2049\/2025\/12\/neu-257x300.png 257w\" sizes=\"auto, (max-width: 400px) 100vw, 400px\" \/><\/p>\n<p data-start=\"951\" data-end=\"1023\" data-is-last-node=\"\" data-is-only-node=\"\">Uns dies m\u00e0gics plens d\u2019aprenentatge compartit i alegria nadalenca! \ud83c\udf84\ud83c\udf1f<\/p>\n<p data-start=\"951\" data-end=\"1023\" data-is-last-node=\"\" data-is-only-node=\"\">Gaudiu de les fotografies a partir d&#8217;aquest enlla\u00e7:\u00a0<a href=\"https:\/\/drive.google.com\/drive\/folders\/1z9NNh8mXI9NFi2BX5avuaEW7OBVBz5fS?usp=drive_link\">https:\/\/drive.google.com\/drive\/folders\/1z9NNh8mXI9NFi2BX5avuaEW7OBVBz5fS?usp=drive_link<\/a><\/p>\n","protected":false},"excerpt":{"rendered":"<p>Durant aquests dies tan especials, l\u2019alumnat de primer i segon s\u2019ha barrejat en grups intercicle \ud83e\udd1d\ud83d\udc67\ud83d\udc66 per compartir moments plens de diversi\u00f3, cooperaci\u00f3 i esperit nadalenc \ud83c\udf85\ud83c\udf81.<br \/>\nHem gaudit de diferents propostes engrescadores que ens han fet riure i passar-ho d\u2019all\u00f2 m\u00e9s b\u00e9 \ud83d\ude04\ud83d\udcab. Vam comen\u00e7ar&hellip;  <a href=\"https:\/\/agora.xtec.cat\/ceip-jruyra-l-h\/primaria\/1r\/un-intercicle-molt-fredolic\/\" title=\"Read Un intercicle molt fredolic\">Llegeix m\u00e9s\u00bb<\/a><\/p>\n","protected":false},"author":71,"featured_media":17225,"comment_status":"open","ping_status":"open","sticky":false,"template":"","format":"standard","meta":{"_bbp_topic_count":0,"_bbp_reply_count":0,"_bbp_total_topic_count":0,"_bbp_total_reply_count":0,"_bbp_voice_count":0,"_bbp_anonymous_reply_count":0,"_bbp_topic_count_hidden":0,"_bbp_reply_count_hidden":0,"_bbp_forum_subforum_count":0,"footnotes":""},"categories":[10,11],"tags":[],"class_list":["post-17224","post","type-post","status-publish","format-standard","has-post-thumbnail","hentry","category-1r","category-2n"],"post_mailing_queue_ids":[],"_links":{"self":[{"href":"https:\/\/agora.xtec.cat\/ceip-jruyra-l-h\/wp-json\/wp\/v2\/posts\/17224","targetHints":{"allow":["GET"]}}],"collection":[{"href":"https:\/\/agora.xtec.cat\/ceip-jruyra-l-h\/wp-json\/wp\/v2\/posts"}],"about":[{"href":"https:\/\/agora.xtec.cat\/ceip-jruyra-l-h\/wp-json\/wp\/v2\/types\/post"}],"author":[{"embeddable":true,"href":"https:\/\/agora.xtec.cat\/ceip-jruyra-l-h\/wp-json\/wp\/v2\/users\/71"}],"replies":[{"embeddable":true,"href":"https:\/\/agora.xtec.cat\/ceip-jruyra-l-h\/wp-json\/wp\/v2\/comments?post=17224"}],"version-history":[{"count":1,"href":"https:\/\/agora.xtec.cat\/ceip-jruyra-l-h\/wp-json\/wp\/v2\/posts\/17224\/revisions"}],"predecessor-version":[{"id":17229,"href":"https:\/\/agora.xtec.cat\/ceip-jruyra-l-h\/wp-json\/wp\/v2\/posts\/17224\/revisions\/17229"}],"wp:featuredmedia":[{"embeddable":true,"href":"https:\/\/agora.xtec.cat\/ceip-jruyra-l-h\/wp-json\/wp\/v2\/media\/17225"}],"wp:attachment":[{"href":"https:\/\/agora.xtec.cat\/ceip-jruyra-l-h\/wp-json\/wp\/v2\/media?parent=17224"}],"wp:term":[{"taxonomy":"category","embeddable":true,"href":"https:\/\/agora.xtec.cat\/ceip-jruyra-l-h\/wp-json\/wp\/v2\/categories?post=17224"},{"taxonomy":"post_tag","embeddable":true,"href":"https:\/\/agora.xtec.cat\/ceip-jruyra-l-h\/wp-json\/wp\/v2\/tags?post=17224"}],"curies":[{"name":"wp","href":"https:\/\/api.w.org\/{rel}","templated":true}]}}