{"id":17216,"date":"2026-02-09T08:30:09","date_gmt":"2026-02-09T07:30:09","guid":{"rendered":"https:\/\/agora.xtec.cat\/ceip-jruyra-l-h\/?p=17216"},"modified":"2026-02-09T08:30:09","modified_gmt":"2026-02-09T07:30:09","slug":"aniversaris-primer-trimestre-di4","status":"publish","type":"post","link":"https:\/\/agora.xtec.cat\/ceip-jruyra-l-h\/infantil\/i4\/aniversaris-primer-trimestre-di4\/","title":{"rendered":"Aniversaris primer trimestre d&#8217;I4"},"content":{"rendered":"<p>Benvolgudes fam\u00edlies,<\/p>\n<p data-start=\"144\" data-end=\"312\">A la classe dels nens i nenes d\u2019I4, cada mes celebrem els aniversaris dels companys i companyes que fan anys. \u00c9s un moment molt especial que esperen amb molta il\u00b7lusi\u00f3!<\/p>\n<p data-start=\"314\" data-end=\"560\">Preparem una petita festa a l\u2019aula amb m\u00fasica, on els infants ballen, canten i comparteixen estones de diversi\u00f3 plegats. Tamb\u00e9 gaudim de galetes i sucs que porten les fam\u00edlies, que ens ajuden a fer d\u2019aquest dia una celebraci\u00f3 encara m\u00e9s especial.<\/p>\n<p data-start=\"562\" data-end=\"734\">Volem agrair molt sincerament a les fam\u00edlies la seva col\u00b7laboraci\u00f3 i participaci\u00f3, ja que gr\u00e0cies a elles podem compartir aquests moments tan significatius per als infants.<\/p>\n<p data-start=\"736\" data-end=\"854\">Celebrar els aniversaris ens permet refor\u00e7ar els vincles del grup i viure experi\u00e8ncies plenes d\u2019alegria i conviv\u00e8ncia.<\/p>\n<p data-start=\"736\" data-end=\"854\">Us deixem un recull d&#8217;<a href=\"https:\/\/drive.google.com\/drive\/u\/0\/folders\/1an-nKrVcc0_z3rVFc2S04wnkkQwwnpEs\">imatges<\/a>.<\/p>\n","protected":false},"excerpt":{"rendered":"<p>Benvolgudes fam\u00edlies,<br \/>\nA la classe dels nens i nenes d\u2019I4, cada mes celebrem els aniversaris dels companys i companyes que fan anys. \u00c9s un moment molt especial que esperen amb molta il\u00b7lusi\u00f3!<br \/>\nPreparem una petita festa a l\u2019aula amb m\u00fasica, on els infants ballen, canten i comparteixen&hellip;  <a href=\"https:\/\/agora.xtec.cat\/ceip-jruyra-l-h\/infantil\/i4\/aniversaris-primer-trimestre-di4\/\" title=\"Read Aniversaris primer trimestre d&#8217;I4\">Llegeix m\u00e9s\u00bb<\/a><\/p>\n","protected":false},"author":63,"featured_media":13605,"comment_status":"open","ping_status":"open","sticky":false,"template":"","format":"standard","meta":{"_bbp_topic_count":0,"_bbp_reply_count":0,"_bbp_total_topic_count":0,"_bbp_total_reply_count":0,"_bbp_voice_count":0,"_bbp_anonymous_reply_count":0,"_bbp_topic_count_hidden":0,"_bbp_reply_count_hidden":0,"_bbp_forum_subforum_count":0,"footnotes":""},"categories":[8],"tags":[],"class_list":["post-17216","post","type-post","status-publish","format-standard","has-post-thumbnail","hentry","category-i4"],"post_mailing_queue_ids":[],"_links":{"self":[{"href":"https:\/\/agora.xtec.cat\/ceip-jruyra-l-h\/wp-json\/wp\/v2\/posts\/17216","targetHints":{"allow":["GET"]}}],"collection":[{"href":"https:\/\/agora.xtec.cat\/ceip-jruyra-l-h\/wp-json\/wp\/v2\/posts"}],"about":[{"href":"https:\/\/agora.xtec.cat\/ceip-jruyra-l-h\/wp-json\/wp\/v2\/types\/post"}],"author":[{"embeddable":true,"href":"https:\/\/agora.xtec.cat\/ceip-jruyra-l-h\/wp-json\/wp\/v2\/users\/63"}],"replies":[{"embeddable":true,"href":"https:\/\/agora.xtec.cat\/ceip-jruyra-l-h\/wp-json\/wp\/v2\/comments?post=17216"}],"version-history":[{"count":1,"href":"https:\/\/agora.xtec.cat\/ceip-jruyra-l-h\/wp-json\/wp\/v2\/posts\/17216\/revisions"}],"predecessor-version":[{"id":17217,"href":"https:\/\/agora.xtec.cat\/ceip-jruyra-l-h\/wp-json\/wp\/v2\/posts\/17216\/revisions\/17217"}],"wp:featuredmedia":[{"embeddable":true,"href":"https:\/\/agora.xtec.cat\/ceip-jruyra-l-h\/wp-json\/wp\/v2\/media\/13605"}],"wp:attachment":[{"href":"https:\/\/agora.xtec.cat\/ceip-jruyra-l-h\/wp-json\/wp\/v2\/media?parent=17216"}],"wp:term":[{"taxonomy":"category","embeddable":true,"href":"https:\/\/agora.xtec.cat\/ceip-jruyra-l-h\/wp-json\/wp\/v2\/categories?post=17216"},{"taxonomy":"post_tag","embeddable":true,"href":"https:\/\/agora.xtec.cat\/ceip-jruyra-l-h\/wp-json\/wp\/v2\/tags?post=17216"}],"curies":[{"name":"wp","href":"https:\/\/api.w.org\/{rel}","templated":true}]}}